{"id":772004,"date":"2014-08-07T17:43:09","date_gmt":"2014-08-07T15:43:09","guid":{"rendered":"https:\/\/dailynewshungary.com\/de\/sozialisten-warnen-davor-dass-die-lebensmittelpreise-aufgrund-von-anderungen-der-agrarsubventionen-steigen-werden\/"},"modified":"2014-08-07T17:43:09","modified_gmt":"2014-08-07T15:43:09","slug":"sozialisten-warnen-davor-dass-die-lebensmittelpreise-aufgrund-von-anderungen-der-agrarsubventionen-steigen-werden","status":"publish","type":"post","link":"https:\/\/dailynewshungary.com\/de\/sozialisten-warnen-davor-dass-die-lebensmittelpreise-aufgrund-von-anderungen-der-agrarsubventionen-steigen-werden\/","title":{"rendered":"Sozialisten warnen davor, dass die Lebensmittelpreise aufgrund von \u00c4nderungen der Agrarsubventionen steigen werden"},"content":{"rendered":"<p><strong>Budapest, 7. August (MTI) \u201eDie Lebensmittelpreise werden steigen, wenn die Regierung ihr System der Agrarsubventionen nicht \u00e4ndert, sagte die sozialistische Opposition.<\/strong><\/p>\n<p><span style=\"color: #ff0000;\"><strong>Verwandter Artikel:&nbsp;<\/strong><\/span><br \/>\n<span style=\"color: #ff0000;\"><strong><a href=\"https:\/\/dailynewshungary.com\/de\/backer-erwarten-im-herbst-hohere-brotpreise\/\" target=\"_blank\"><span style=\"color: #ff0000;\">B\u00e4cker erwarten im Herbst h\u00f6here Brotpreise<\/span><\/a><\/strong><\/span><\/p>\n<p>Bereits im Dezember 2013 habe Ministerpr\u00e4sident Viktor Orban \u201cohne so viel zu wimmern genickt\u201d, dass Ungarn in der n\u00e4chsten siebenj\u00e4hrigen F\u00f6rderperiode eine halbe Milliarde Euro seiner EU-Agrarsubventionen verloren habe, sagte Tibor Szanyi, ein sozialistischer Europaabgeordneter, heute auf einer PressekonferenzDie Regierung habe deshalb beschlossen, Betrieben mit einer Gr\u00f6\u00dfe von mehr als 1.200 Hektar ohne jegliche Entsch\u00e4digung die EU-Subventionen zu entziehen, f\u00fcgte Szanyi hinzuDie meisten der betroffenen Betriebe seien Bauernverb\u00e4nde, die sich aus Hunderten von Kleinproduzenten zusammensetzen, die in arbeitsintensiver Tierhaltung arbeiten.<\/p>\n<p>Die Sozialisten schlagen vor, dass landwirtschaftliche Betriebe eine Entsch\u00e4digung f\u00fcr die entzogenen Mittel im Verh\u00e4ltnis zu den Geh\u00e4ltern erhalten, die sie den Landwirten zahlen, sagte er und f\u00fcgte hinzu, dass der Vorschlag im September dem Europ\u00e4ischen Parlament vorgelegt werde.<\/p>\n<p>Wenn diese Schritte nicht unternommen werden, k\u00f6nnen die Lebensmittelpreise und insbesondere die Fleischpreise um bis zu 30 Prozent steigen, sagte Szanyi.<\/p>\n<p>Er f\u00fcgte hinzu, dass die Sozialisten einen Antrag auf Senkung der Mehrwertsteuer auf Grundnahrungsmittel auf 5 Prozent auf der Tagesordnung behalten h\u00e4tten.<\/p>\n<p><em>Foto: mszp.hu<\/em><\/p>\n","protected":false},"excerpt":{"rendered":"<p>Budapest, 7. August (MTI) \u201eDie Lebensmittelpreise werden steigen, wenn die Regierung ihr System der Agrarsubventionen nicht \u00e4ndert, sagte die sozialistische Opposition. Verwandter Artikel:&nbsp; B\u00e4cker erwarten im Herbst h\u00f6here Brotpreise Bereits im Dezember 2013 habe Ministerpr\u00e4sident Viktor Orban \u201cohne so viel zu wimmern genickt\u201d, dass Ungarn in der n\u00e4chsten siebenj\u00e4hrigen F\u00f6rderperiode eine halbe Milliarde Euro seiner [&hellip;]<\/p>\n","protected":false},"author":2,"featured_media":772005,"comment_status":"open","ping_status":"open","sticky":false,"template":"","format":"standard","meta":{"_acf_changed":false,"_display_image":"","footnotes":""},"categories":[1081],"tags":[1695],"class_list":["post-772004","post","type-post","status-publish","format-standard","has-post-thumbnail","hentry","category-politik","tag-sozialisten"],"blocksy_meta":[],"acf":[],"author_username":"alk","telegram_post":"","public_post_metadata":{"breaking_news":"","important":"","csempe":"","center_tile":"","disable_thumbnail":"","target_lang":"","_featured_image_style":"","telegram_post":"","_xlat_group_id":""},"public_rank_math_data":{"title":"%title% %sep% %sitename%","description":"","focus_keyword":"","canonical_url":"","robots":"","primary_category":"1081","breadcrumb_title":"","facebook_title":"","facebook_description":"","facebook_image":"","facebook_image_id":"","twitter_title":"","twitter_description":"","twitter_image":"","twitter_image_id":"","twitter_card_type":"","twitter_use_facebook":"","advanced_robots":"","pillar_content":"","seo_score":"","contentai_score":"","rich_snippet":""},"_links":{"self":[{"href":"https:\/\/dailynewshungary.com\/de\/wp-json\/wp\/v2\/posts\/772004","targetHints":{"allow":["GET"]}}],"collection":[{"href":"https:\/\/dailynewshungary.com\/de\/wp-json\/wp\/v2\/posts"}],"about":[{"href":"https:\/\/dailynewshungary.com\/de\/wp-json\/wp\/v2\/types\/post"}],"author":[{"embeddable":true,"href":"https:\/\/dailynewshungary.com\/de\/wp-json\/wp\/v2\/users\/2"}],"replies":[{"embeddable":true,"href":"https:\/\/dailynewshungary.com\/de\/wp-json\/wp\/v2\/comments?post=772004"}],"version-history":[{"count":0,"href":"https:\/\/dailynewshungary.com\/de\/wp-json\/wp\/v2\/posts\/772004\/revisions"}],"wp:featuredmedia":[{"embeddable":true,"href":"https:\/\/dailynewshungary.com\/de\/wp-json\/wp\/v2\/media\/772005"}],"wp:attachment":[{"href":"https:\/\/dailynewshungary.com\/de\/wp-json\/wp\/v2\/media?parent=772004"}],"wp:term":[{"taxonomy":"category","embeddable":true,"href":"https:\/\/dailynewshungary.com\/de\/wp-json\/wp\/v2\/categories?post=772004"},{"taxonomy":"post_tag","embeddable":true,"href":"https:\/\/dailynewshungary.com\/de\/wp-json\/wp\/v2\/tags?post=772004"}],"curies":[{"name":"wp","href":"https:\/\/api.w.org\/{rel}","templated":true}]}}