{"id":772052,"date":"2014-08-04T10:44:09","date_gmt":"2014-08-04T08:44:09","guid":{"rendered":"https:\/\/dailynewshungary.com\/de\/weitere-staatliche-erwerbe-konnten-haushaltsanderungen-erfordern-sagt-minister\/"},"modified":"2014-08-04T10:44:09","modified_gmt":"2014-08-04T08:44:09","slug":"weitere-staatliche-erwerbe-konnten-haushaltsanderungen-erfordern-sagt-minister","status":"publish","type":"post","link":"https:\/\/dailynewshungary.com\/de\/weitere-staatliche-erwerbe-konnten-haushaltsanderungen-erfordern-sagt-minister\/","title":{"rendered":"Weitere staatliche Erwerbe k\u00f6nnten Haushalts\u00e4nderungen erfordern, sagt Minister"},"content":{"rendered":"<p><strong>Budapest, 4. August (MTI) \u201eDie ungarische Regierung k\u00f6nnte bis zum Jahresende Akquisitionen t\u00e4tigen, die \u00c4nderungen am Staatshaushalt erfordern, sagte der nationale Entwicklungsminister Miklos Sesztak in der Montagsausgabe der Wirtschaftszeitung Napi Gazdasag.<\/strong><\/p>\n<p>Sesztak sagte, die Regierung wolle zus\u00e4tzlich zur MKB Bank Akquisitionen t\u00e4tigen. Beispielsweise werde erwartet, dass die Gespr\u00e4che mit dem ausl\u00e4ndischen Eigent\u00fcmer des Rollmaterial-Joint-Ventures Bombardier MAV bald abgeschlossen w\u00fcrden, sagte er.<\/p>\n<p>Der Minister sagte, das Parlament k\u00f6nne im Herbst einer Gesetzes\u00e4nderung zustimmen, die es dem Staat erm\u00f6glicht, das volle Eigentum an den Ungarischen Elektrizit\u00e4tswerken (MVM) zu \u00fcbernehmen. Der Staat besitzt bereits mehr als 99 Prozent von MVM.<\/p>\n<p>Ungarns Regierung hatte zuvor erkl\u00e4rt, sie wolle den Anteil des Staates an Sektoren von strategischer nationaler Bedeutung erh\u00f6hen.<\/p>\n<p>Der Minister sagte, MVM-Beamte h\u00e4tten bereits Gespr\u00e4che \u00fcber einen langfristigen Gaskaufvertrag mit Russland aufgenommen, der 2015 ausl\u00e4uft, gr\u00f6\u00dfere Entwicklungen seien jedoch nicht vor dem 20. August zu erwarten.<\/p>\n<p>Sesztak best\u00e4tigte gegen\u00fcber der Zeitung, dass er trotz der wiederholten Vorw\u00fcrfe der Opposition, der Minister habe in der Vergangenheit als Anwalt bei zwielichtigen Gesch\u00e4ften mitgeholfen, nicht vorhabe, zur\u00fcckzutreten.<\/p>\n<p><em>Foto: MTI \u2013 Zoltan Mathe<\/em><\/p>\n","protected":false},"excerpt":{"rendered":"<p>Budapest, 4. August (MTI) \u201eDie ungarische Regierung k\u00f6nnte bis zum Jahresende Akquisitionen t\u00e4tigen, die \u00c4nderungen am Staatshaushalt erfordern, sagte der nationale Entwicklungsminister Miklos Sesztak in der Montagsausgabe der Wirtschaftszeitung Napi Gazdasag. Sesztak sagte, die Regierung wolle zus\u00e4tzlich zur MKB Bank Akquisitionen t\u00e4tigen. Beispielsweise werde erwartet, dass die Gespr\u00e4che mit dem ausl\u00e4ndischen Eigent\u00fcmer des Rollmaterial-Joint-Ventures Bombardier [&hellip;]<\/p>\n","protected":false},"author":2,"featured_media":772053,"comment_status":"open","ping_status":"open","sticky":false,"template":"","format":"standard","meta":{"_acf_changed":false,"_display_image":"","footnotes":""},"categories":[1281],"tags":[1066],"class_list":["post-772052","post","type-post","status-publish","format-standard","has-post-thumbnail","hentry","category-geschaft","tag-hungary"],"blocksy_meta":[],"acf":[],"author_username":"alk","telegram_post":"","public_post_metadata":{"breaking_news":"","important":"","csempe":"","center_tile":"","disable_thumbnail":"","target_lang":"","_featured_image_style":"","telegram_post":"","_xlat_group_id":""},"public_rank_math_data":{"title":"%title% %sep% %sitename%","description":"","focus_keyword":"","canonical_url":"","robots":"","primary_category":"1281","breadcrumb_title":"","facebook_title":"","facebook_description":"","facebook_image":"","facebook_image_id":"","twitter_title":"","twitter_description":"","twitter_image":"","twitter_image_id":"","twitter_card_type":"","twitter_use_facebook":"","advanced_robots":"","pillar_content":"","seo_score":"","contentai_score":"","rich_snippet":""},"_links":{"self":[{"href":"https:\/\/dailynewshungary.com\/de\/wp-json\/wp\/v2\/posts\/772052","targetHints":{"allow":["GET"]}}],"collection":[{"href":"https:\/\/dailynewshungary.com\/de\/wp-json\/wp\/v2\/posts"}],"about":[{"href":"https:\/\/dailynewshungary.com\/de\/wp-json\/wp\/v2\/types\/post"}],"author":[{"embeddable":true,"href":"https:\/\/dailynewshungary.com\/de\/wp-json\/wp\/v2\/users\/2"}],"replies":[{"embeddable":true,"href":"https:\/\/dailynewshungary.com\/de\/wp-json\/wp\/v2\/comments?post=772052"}],"version-history":[{"count":0,"href":"https:\/\/dailynewshungary.com\/de\/wp-json\/wp\/v2\/posts\/772052\/revisions"}],"wp:featuredmedia":[{"embeddable":true,"href":"https:\/\/dailynewshungary.com\/de\/wp-json\/wp\/v2\/media\/772053"}],"wp:attachment":[{"href":"https:\/\/dailynewshungary.com\/de\/wp-json\/wp\/v2\/media?parent=772052"}],"wp:term":[{"taxonomy":"category","embeddable":true,"href":"https:\/\/dailynewshungary.com\/de\/wp-json\/wp\/v2\/categories?post=772052"},{"taxonomy":"post_tag","embeddable":true,"href":"https:\/\/dailynewshungary.com\/de\/wp-json\/wp\/v2\/tags?post=772052"}],"curies":[{"name":"wp","href":"https:\/\/api.w.org\/{rel}","templated":true}]}}