{"id":772064,"date":"2014-08-02T19:30:46","date_gmt":"2014-08-02T17:30:46","guid":{"rendered":"https:\/\/dailynewshungary.com\/de\/kerzenlichtwache-fur-palastina-opfer-in-budapest\/"},"modified":"2014-08-02T19:30:46","modified_gmt":"2014-08-02T17:30:46","slug":"kerzenlichtwache-fur-palastina-opfer-in-budapest","status":"publish","type":"post","link":"https:\/\/dailynewshungary.com\/de\/kerzenlichtwache-fur-palastina-opfer-in-budapest\/","title":{"rendered":"Kerzenlichtwache f\u00fcr Pal\u00e4stina-Opfer in Budapest"},"content":{"rendered":"<p><strong>Budapest, 2. August (MTI) \u2013 2. August (MTI) \u2013 Am Freitagabend fand in Budapest eine Mahnwache bei Kerzenlicht f\u00fcr pal\u00e4stinensische Opfer des Konflikts in Gaza statt, die von der ungarischen pal\u00e4stinensischen Gemeinschaft organisiert wurde.<\/strong><\/p>\n<p><a href=\"https:\/\/dailynewshungary.com\/wp-content\/uploads\/2014\/08\/gaza-2.jpg\" data-pswp-width=\"\" data-pswp-height=\"\" data-cropped=\"true\"><img loading=\"lazy\" decoding=\"async\" class=\" wp-image-9559 alignright\" alt=\"Gaza-2\" src=\"https:\/\/dailynewshungary.com\/wp-content\/uploads\/2014\/08\/gaza-2-204x300.jpg\" width=\"143\" height=\"210\" srcset=\"https:\/\/contentf5.dailynewshungary.com\/wp-content\/uploads\/2014\/08\/gaza-2-204x300.jpg 204w, https:\/\/contentf5.dailynewshungary.com\/wp-content\/uploads\/2014\/08\/gaza-2.jpg 408w\" sizes=\"auto, (max-width: 143px) 100vw, 143px\"><\/a>Die Teilnehmer stellten Kerzen auf Kettenbr\u00fccke und einen Sarg in ein schwarzes Leichentuch geh\u00fcllt, vor dem Sarg befand sich ein auf Englisch und Ungarisch verfasstes Schild, das zum Boykott israelischer Produkte aufrief, daneben eine fotografische Darstellung der Opfer.<\/p>\n<p>Rund 150 Demonstranten hielten ungarische und pal\u00e4stinensische Flaggen.<\/p>\n<p>Die Organisatoren haben ihre Unterst\u00fctzer aufgefordert, an einem zweit\u00e4gigen Protest teilzunehmen, um ihre Solidarit\u00e4t mit dem pal\u00e4stinensischen Volk zum Ausdruck zu bringen. Dazu geh\u00f6rt auch eine Demonstration vor der Budapester Stephansbasilika am Donnerstag.<\/p>\n<p><em>Foto: MTI \u2013 Noemi Bruzak<\/em><\/p>\n","protected":false},"excerpt":{"rendered":"<p>Budapest, 2. August (MTI) \u2013 2. August (MTI) \u2013 Am Freitagabend fand in Budapest eine Mahnwache bei Kerzenlicht f\u00fcr pal\u00e4stinensische Opfer des Konflikts in Gaza statt, die von der ungarischen pal\u00e4stinensischen Gemeinschaft organisiert wurde. Die Teilnehmer stellten Kerzen auf Kettenbr\u00fccke und einen Sarg in ein schwarzes Leichentuch geh\u00fcllt, vor dem Sarg befand sich ein auf [&hellip;]<\/p>\n","protected":false},"author":2,"featured_media":772065,"comment_status":"open","ping_status":"open","sticky":false,"template":"","format":"standard","meta":{"_acf_changed":false,"_display_image":"","footnotes":""},"categories":[1081],"tags":[1266],"class_list":["post-772064","post","type-post","status-publish","format-standard","has-post-thumbnail","hentry","category-politik","tag-demonstration"],"blocksy_meta":[],"acf":[],"author_username":"alk","telegram_post":"","public_post_metadata":{"breaking_news":"","important":"","csempe":"","center_tile":"","disable_thumbnail":"","target_lang":"","_featured_image_style":"","telegram_post":"","_xlat_group_id":""},"public_rank_math_data":{"title":"%title% %sep% %sitename%","description":"","focus_keyword":"","canonical_url":"","robots":"","primary_category":"1081","breadcrumb_title":"","facebook_title":"","facebook_description":"","facebook_image":"","facebook_image_id":"","twitter_title":"","twitter_description":"","twitter_image":"","twitter_image_id":"","twitter_card_type":"","twitter_use_facebook":"","advanced_robots":"","pillar_content":"","seo_score":"","contentai_score":"","rich_snippet":""},"_links":{"self":[{"href":"https:\/\/dailynewshungary.com\/de\/wp-json\/wp\/v2\/posts\/772064","targetHints":{"allow":["GET"]}}],"collection":[{"href":"https:\/\/dailynewshungary.com\/de\/wp-json\/wp\/v2\/posts"}],"about":[{"href":"https:\/\/dailynewshungary.com\/de\/wp-json\/wp\/v2\/types\/post"}],"author":[{"embeddable":true,"href":"https:\/\/dailynewshungary.com\/de\/wp-json\/wp\/v2\/users\/2"}],"replies":[{"embeddable":true,"href":"https:\/\/dailynewshungary.com\/de\/wp-json\/wp\/v2\/comments?post=772064"}],"version-history":[{"count":0,"href":"https:\/\/dailynewshungary.com\/de\/wp-json\/wp\/v2\/posts\/772064\/revisions"}],"wp:featuredmedia":[{"embeddable":true,"href":"https:\/\/dailynewshungary.com\/de\/wp-json\/wp\/v2\/media\/772065"}],"wp:attachment":[{"href":"https:\/\/dailynewshungary.com\/de\/wp-json\/wp\/v2\/media?parent=772064"}],"wp:term":[{"taxonomy":"category","embeddable":true,"href":"https:\/\/dailynewshungary.com\/de\/wp-json\/wp\/v2\/categories?post=772064"},{"taxonomy":"post_tag","embeddable":true,"href":"https:\/\/dailynewshungary.com\/de\/wp-json\/wp\/v2\/tags?post=772064"}],"curies":[{"name":"wp","href":"https:\/\/api.w.org\/{rel}","templated":true}]}}