{"id":772070,"date":"2014-08-02T12:34:05","date_gmt":"2014-08-02T10:34:05","guid":{"rendered":"https:\/\/dailynewshungary.com\/de\/regierung-wird-norwegen-bis-ende-august-die-mittelaufsicht-auf-pmo-ubertragen\/"},"modified":"2014-08-02T12:34:05","modified_gmt":"2014-08-02T10:34:05","slug":"regierung-wird-norwegen-bis-ende-august-die-mittelaufsicht-auf-pmo-ubertragen","status":"publish","type":"post","link":"https:\/\/dailynewshungary.com\/de\/regierung-wird-norwegen-bis-ende-august-die-mittelaufsicht-auf-pmo-ubertragen\/","title":{"rendered":"Regierung wird Norwegen bis Ende August die Mittelaufsicht auf PMO \u00fcbertragen"},"content":{"rendered":"<p>(MTI) \u2013 Die Regierung hat die Aufsicht \u00fcber die Programme des Norwegen-Fonds bis zum 31. August vom staatlichen Szechenyi-Programmb\u00fcro auf das B\u00fcro des Premierministers \u00fcbertragen, hie\u00df es in einem am Freitag ver\u00f6ffentlichten Regierungserlass.<\/p>\n<p>Norwegen, Island und Liechtenstein beschlossen am 9. Mai, die weitere Auszahlung der Mittel an Ungarn auszusetzenSie \u00e4u\u00dferten Bedenken, dass die ungarische Regierung die Zuweisung der Mittel ab Januar dem Programmb\u00fcro Szechenyi zugewiesen habe.<\/p>\n<p>Der Regierungserlass sei entsprechend den Gespr\u00e4chen mit der norwegischen Seite ge\u00e4ndert worden und werde den Weg f\u00fcr weitere Gespr\u00e4che ebnen, teilte das PMO am Freitag in einer Erkl\u00e4rung mit. Die ungarische Regierung habe sich zum Ziel gesetzt, Gesetze zu schaffen, die eine gr\u00f6\u00dftm\u00f6gliche Offenheit f\u00fcr k\u00fcnftige Gespr\u00e4che nahelegen, sagte das B\u00fcro.<\/p>\n<p>Nandor Csepreghy, stellvertretender Staatssekret\u00e4r im B\u00fcro des Premierministers (PMO), sagte zuvor, dass die ungarische Regierung nach Gespr\u00e4chen mit Vertretern der norwegischen Regierung am 12. Juni zugestimmt habe, die \u00dcberwachung von neun Programmen auf das PMO zu verlagern. Es gebe jedoch noch ungel\u00f6ste Fragen zur \u00dcberwachung der vom norwegischen Zivilfonds finanzierten Programme, sagte Csepreghy damals.<\/p>\n<p>Er sagte, Ungarn akzeptiere die Ansicht Norwegens hinsichtlich der Verbindungseinheit, deren Einrichtung im B\u00fcro des Premierministers vereinbart worden sei, und dass die Auszahlung der Mittel im Juli wieder aufgenommen werden k\u00f6nne, wenn Beamte des Fonds Ungarn einen Besuch abstatteten.<\/p>\n<p>Der Besuch norwegischer Beamter sei jedoch ins Stocken geraten, da die norwegische Seite darauf bestehe, dass Ungarn die Untersuchungen des Regierungskontrollamtes (Kehi) zur Verwendung norwegischer Gelder durch ungarische Zivilorganisationen aussetze, hei\u00dft es in der Erkl\u00e4rung des PMO.<\/p>\n<p>Auf Beschwerden ziviler Gruppen hin gab der Ombudsmann f\u00fcr Grundrechte Ungarns am 23. Juli eine Stellungnahme ab und forderte die Regierungen Ungarns und Norwegens auf, die Situation zu er\u00f6rtern.<\/p>\n","protected":false},"excerpt":{"rendered":"<p>(MTI) \u2013 Die Regierung hat die Aufsicht \u00fcber die Programme des Norwegen-Fonds bis zum 31. August vom staatlichen Szechenyi-Programmb\u00fcro auf das B\u00fcro des Premierministers \u00fcbertragen, hie\u00df es in einem am Freitag ver\u00f6ffentlichten Regierungserlass. Norwegen, Island und Liechtenstein beschlossen am 9. Mai, die weitere Auszahlung der Mittel an Ungarn auszusetzenSie \u00e4u\u00dferten Bedenken, dass die ungarische Regierung [&hellip;]<\/p>\n","protected":false},"author":2,"featured_media":772071,"comment_status":"open","ping_status":"open","sticky":false,"template":"","format":"standard","meta":{"_acf_changed":false,"_display_image":"","footnotes":""},"categories":[1081],"tags":[1066],"class_list":["post-772070","post","type-post","status-publish","format-standard","has-post-thumbnail","hentry","category-politik","tag-hungary"],"blocksy_meta":[],"acf":[],"author_username":"alk","telegram_post":"","public_post_metadata":{"breaking_news":"","important":"","csempe":"","center_tile":"","disable_thumbnail":"","target_lang":"","_featured_image_style":"","telegram_post":"","_xlat_group_id":""},"public_rank_math_data":{"title":"%title% %sep% %sitename%","description":"","focus_keyword":"","canonical_url":"","robots":"","primary_category":"1081","breadcrumb_title":"","facebook_title":"","facebook_description":"","facebook_image":"","facebook_image_id":"","twitter_title":"","twitter_description":"","twitter_image":"","twitter_image_id":"","twitter_card_type":"","twitter_use_facebook":"","advanced_robots":"","pillar_content":"","seo_score":"","contentai_score":"","rich_snippet":""},"_links":{"self":[{"href":"https:\/\/dailynewshungary.com\/de\/wp-json\/wp\/v2\/posts\/772070","targetHints":{"allow":["GET"]}}],"collection":[{"href":"https:\/\/dailynewshungary.com\/de\/wp-json\/wp\/v2\/posts"}],"about":[{"href":"https:\/\/dailynewshungary.com\/de\/wp-json\/wp\/v2\/types\/post"}],"author":[{"embeddable":true,"href":"https:\/\/dailynewshungary.com\/de\/wp-json\/wp\/v2\/users\/2"}],"replies":[{"embeddable":true,"href":"https:\/\/dailynewshungary.com\/de\/wp-json\/wp\/v2\/comments?post=772070"}],"version-history":[{"count":0,"href":"https:\/\/dailynewshungary.com\/de\/wp-json\/wp\/v2\/posts\/772070\/revisions"}],"wp:featuredmedia":[{"embeddable":true,"href":"https:\/\/dailynewshungary.com\/de\/wp-json\/wp\/v2\/media\/772071"}],"wp:attachment":[{"href":"https:\/\/dailynewshungary.com\/de\/wp-json\/wp\/v2\/media?parent=772070"}],"wp:term":[{"taxonomy":"category","embeddable":true,"href":"https:\/\/dailynewshungary.com\/de\/wp-json\/wp\/v2\/categories?post=772070"},{"taxonomy":"post_tag","embeddable":true,"href":"https:\/\/dailynewshungary.com\/de\/wp-json\/wp\/v2\/tags?post=772070"}],"curies":[{"name":"wp","href":"https:\/\/api.w.org\/{rel}","templated":true}]}}