{"id":772103,"date":"2014-07-30T11:56:53","date_gmt":"2014-07-30T09:56:53","guid":{"rendered":"https:\/\/dailynewshungary.com\/de\/der-ehemalige-sozialminister-peter-kiss-stirbt\/"},"modified":"2014-07-30T11:56:53","modified_gmt":"2014-07-30T09:56:53","slug":"der-ehemalige-sozialminister-peter-kiss-stirbt","status":"publish","type":"post","link":"https:\/\/dailynewshungary.com\/de\/der-ehemalige-sozialminister-peter-kiss-stirbt\/","title":{"rendered":"Der ehemalige Sozialminister Peter Kiss stirbt"},"content":{"rendered":"<p><strong>Budapest, 29. Juli (MTI) \u2013 Peter Kiss, der das B\u00fcro des Premierministers in sozialistisch gef\u00fchrten Regierungen leitete, ist nach langer Krankheit im Alter von 55 Jahren gestorben, teilte die Sozialistische Partei am Dienstag mit.<\/strong><\/p>\n<p>Kiss ist seit 1992 Abgeordneter und besetzte verschiedene Posten in mehreren sozialistisch-liberalen Regierungen.<\/p>\n<p>Er war von 1995 bis 1998 Arbeitsminister in der Regierung von Gyula Horn und 2002-2003 in der Regierung von Peter Medgyessy und leitete dann bis 2006 das B\u00fcro des Premierministers. In der zweiten Regierung von Ferenc Gyurcsany leitete er zun\u00e4chst das Sozial- und Arbeitsministerium und kehrte dann 2007 an die Spitze des B\u00fcros des Premierministers zur\u00fcck. In der Regierung von Gordon Bajnai (2009-2010) wurde er mit der Koordinierung der Sozialpolitik beauftragt und fungierte als politischer Stellvertreter des Premierministers.<\/p>\n<p>Zu seinem Tod sagte Gyurcsany, er sei \u201cein guter Mann, ein ehrlicher Politiker, ein Demokrat, der sich in der Friedensschaffung und der Suche nach Kompromissen hervorgetan hat\u201d.<\/p>\n<p>Bajnai sagte in einer Botschaft, \u201cKiss war mehr als ein Politiker gewesen, er war ein Staatsmann\u201d Er war ein entscheidender Akteur, um Ungarn dabei zu helfen, eine der schwersten Krisen der letzten 30 Jahre mit den geringstm\u00f6glichen erlittenen Schmerzen erfolgreich zu \u00fcberwinden, sagte er.<\/p>\n<p>Andras Schiffer, Co-Chariman der oppositionellen LMP-Partei, sagte, Kiss sei \u201cbis ins Mark\u201d ein linker Politiker gewesen, der \u201cdie W\u00fcnsche der ungarischen Mitarbeiter verstanden\u201d habe.<\/p>\n<p>Au\u00dfenminister Tibor Navracsics sandte eine Kondolingsbotschaft, ebenso wie die mitregierenden Christdemokraten (KDNP) und die oppositionelle Demokratische Koalition (DK), die E-PM, die LMP und die Ungarische Liberale Partei.<\/p>\n<p><em>Foto: MTI \u2013 Tibor Illyes<\/em><\/p>\n","protected":false},"excerpt":{"rendered":"<p>Budapest, 29. Juli (MTI) \u2013 Peter Kiss, der das B\u00fcro des Premierministers in sozialistisch gef\u00fchrten Regierungen leitete, ist nach langer Krankheit im Alter von 55 Jahren gestorben, teilte die Sozialistische Partei am Dienstag mit. Kiss ist seit 1992 Abgeordneter und besetzte verschiedene Posten in mehreren sozialistisch-liberalen Regierungen. Er war von 1995 bis 1998 Arbeitsminister in [&hellip;]<\/p>\n","protected":false},"author":2,"featured_media":772104,"comment_status":"open","ping_status":"open","sticky":false,"template":"","format":"standard","meta":{"_acf_changed":false,"_display_image":"","footnotes":""},"categories":[1081],"tags":[1695],"class_list":["post-772103","post","type-post","status-publish","format-standard","has-post-thumbnail","hentry","category-politik","tag-sozialisten"],"blocksy_meta":[],"acf":[],"author_username":"alk","telegram_post":"","public_post_metadata":{"breaking_news":"","important":"","csempe":"","center_tile":"","disable_thumbnail":"","target_lang":"","_featured_image_style":"","telegram_post":"","_xlat_group_id":""},"public_rank_math_data":{"title":"%title% %sep% %sitename%","description":"","focus_keyword":"","canonical_url":"","robots":"","primary_category":"1081","breadcrumb_title":"","facebook_title":"","facebook_description":"","facebook_image":"","facebook_image_id":"","twitter_title":"","twitter_description":"","twitter_image":"","twitter_image_id":"","twitter_card_type":"","twitter_use_facebook":"","advanced_robots":"","pillar_content":"","seo_score":"","contentai_score":"","rich_snippet":""},"_links":{"self":[{"href":"https:\/\/dailynewshungary.com\/de\/wp-json\/wp\/v2\/posts\/772103","targetHints":{"allow":["GET"]}}],"collection":[{"href":"https:\/\/dailynewshungary.com\/de\/wp-json\/wp\/v2\/posts"}],"about":[{"href":"https:\/\/dailynewshungary.com\/de\/wp-json\/wp\/v2\/types\/post"}],"author":[{"embeddable":true,"href":"https:\/\/dailynewshungary.com\/de\/wp-json\/wp\/v2\/users\/2"}],"replies":[{"embeddable":true,"href":"https:\/\/dailynewshungary.com\/de\/wp-json\/wp\/v2\/comments?post=772103"}],"version-history":[{"count":0,"href":"https:\/\/dailynewshungary.com\/de\/wp-json\/wp\/v2\/posts\/772103\/revisions"}],"wp:featuredmedia":[{"embeddable":true,"href":"https:\/\/dailynewshungary.com\/de\/wp-json\/wp\/v2\/media\/772104"}],"wp:attachment":[{"href":"https:\/\/dailynewshungary.com\/de\/wp-json\/wp\/v2\/media?parent=772103"}],"wp:term":[{"taxonomy":"category","embeddable":true,"href":"https:\/\/dailynewshungary.com\/de\/wp-json\/wp\/v2\/categories?post=772103"},{"taxonomy":"post_tag","embeddable":true,"href":"https:\/\/dailynewshungary.com\/de\/wp-json\/wp\/v2\/tags?post=772103"}],"curies":[{"name":"wp","href":"https:\/\/api.w.org\/{rel}","templated":true}]}}