{"id":772119,"date":"2014-07-29T10:57:50","date_gmt":"2014-07-29T08:57:50","guid":{"rendered":"https:\/\/dailynewshungary.com\/de\/der-sprecher-des-reprasentantenhauses-feiert-den-hundertsten-jahrestag-des-ausbruchs-des-ersten-weltkriegs\/"},"modified":"2014-07-29T10:57:50","modified_gmt":"2014-07-29T08:57:50","slug":"der-sprecher-des-reprasentantenhauses-feiert-den-hundertsten-jahrestag-des-ausbruchs-des-ersten-weltkriegs","status":"publish","type":"post","link":"https:\/\/dailynewshungary.com\/de\/der-sprecher-des-reprasentantenhauses-feiert-den-hundertsten-jahrestag-des-ausbruchs-des-ersten-weltkriegs\/","title":{"rendered":"Der Sprecher des Repr\u00e4sentantenhauses feiert den hundertsten Jahrestag des Ausbruchs des Ersten Weltkriegs"},"content":{"rendered":"<p><strong>(MTI) \u201eEuropa wird nur dann eine Zukunft haben, wenn seine Nationalstaaten auf christlicher Moral, kreativer Arbeit und fairer internationaler Zusammenarbeit basieren, sagte der Sprecher des Repr\u00e4sentantenhauses, Laszlo Kover, am Montag.<\/strong><\/p>\n<p>\u201cDer Krieg geht im milit\u00e4rischen Sinne zu Ende, aber nicht im milit\u00e4rischen. Er wird nicht enden, solange die Menschenw\u00fcrde und der faire Umgang mit den Gemeinden, die vor hundert Jahren verloren gingen, nicht wiederhergestellt sind\u201d, sagte er bei einer Gedenkfeier zum hundertsten Jahrestag des Ersten Weltkriegs im Budapester Opernhaus.<\/p>\n<p>\u201cIm Geiste kann der Krieg nur enden, wenn wir verstehen, dass die Verarmung anderer keine dauerhafte Quelle f\u00fcr das Wohl von irgendjemandem sein kann und dass es nicht Geld, sondern Moral ist, die Menschen langfristig binden kann\u201d, sagte er.<\/p>\n<p>Kover wies darauf hin, dass die Friedensvertr\u00e4ge nach dem Ersten Weltkrieg versprochen h\u00e4tten, allen Nationen das Recht auf Selbstbestimmung zu garantieren, die neue Weltordnung jedoch stattdessen auf dem Recht der Starken beruhte, \u00fcber die Schwachen zu herrschen.<\/p>\n<p>Der Sprecher des Repr\u00e4sentantenhauses sagte, dass die Friedensvertr\u00e4ge nach dem Ersten Weltkrieg es Ungarn erm\u00f6glichten, nach 400 Jahren seine unabh\u00e4ngige Staatlichkeit wiederzugewinnen, allerdings mit einem hohen Preis: Es musste zwei Drittel der 1.000 Jahre alten Heimat aufgeben und akzeptieren, dass drei von zehn Ungarn unterworfen wurden unter die Autorit\u00e4t ausl\u00e4ndischer Staaten als Minderheiten gestellt.<\/p>\n<p>\u201cDie aktuellen Ungerechtigkeiten und unfairen Praktiken ethnischer Ungarn im Ausland sind uns ausgesetzt, um uns daran zu erinnern, dass es immer noch ungarische Wunden zu heilen gibt\u201d, sagte er.<\/p>\n<p><em>Foto: MTI \u2013 Tamas Kovacs<\/em><\/p>\n","protected":false},"excerpt":{"rendered":"<p>(MTI) \u201eEuropa wird nur dann eine Zukunft haben, wenn seine Nationalstaaten auf christlicher Moral, kreativer Arbeit und fairer internationaler Zusammenarbeit basieren, sagte der Sprecher des Repr\u00e4sentantenhauses, Laszlo Kover, am Montag. \u201cDer Krieg geht im milit\u00e4rischen Sinne zu Ende, aber nicht im milit\u00e4rischen. Er wird nicht enden, solange die Menschenw\u00fcrde und der faire Umgang mit den [&hellip;]<\/p>\n","protected":false},"author":2,"featured_media":772120,"comment_status":"open","ping_status":"open","sticky":false,"template":"","format":"standard","meta":{"_acf_changed":false,"_display_image":"","footnotes":""},"categories":[1081],"tags":[1125],"class_list":["post-772119","post","type-post","status-publish","format-standard","has-post-thumbnail","hentry","category-politik","tag-geschichte"],"blocksy_meta":[],"acf":[],"author_username":"alk","telegram_post":"","public_post_metadata":{"breaking_news":"","important":"","csempe":"","center_tile":"","disable_thumbnail":"","target_lang":"","_featured_image_style":"","telegram_post":"","_xlat_group_id":""},"public_rank_math_data":{"title":"%title% %sep% %sitename%","description":"","focus_keyword":"","canonical_url":"","robots":"","primary_category":"1081","breadcrumb_title":"","facebook_title":"","facebook_description":"","facebook_image":"","facebook_image_id":"","twitter_title":"","twitter_description":"","twitter_image":"","twitter_image_id":"","twitter_card_type":"","twitter_use_facebook":"","advanced_robots":"","pillar_content":"","seo_score":"","contentai_score":"","rich_snippet":""},"_links":{"self":[{"href":"https:\/\/dailynewshungary.com\/de\/wp-json\/wp\/v2\/posts\/772119","targetHints":{"allow":["GET"]}}],"collection":[{"href":"https:\/\/dailynewshungary.com\/de\/wp-json\/wp\/v2\/posts"}],"about":[{"href":"https:\/\/dailynewshungary.com\/de\/wp-json\/wp\/v2\/types\/post"}],"author":[{"embeddable":true,"href":"https:\/\/dailynewshungary.com\/de\/wp-json\/wp\/v2\/users\/2"}],"replies":[{"embeddable":true,"href":"https:\/\/dailynewshungary.com\/de\/wp-json\/wp\/v2\/comments?post=772119"}],"version-history":[{"count":0,"href":"https:\/\/dailynewshungary.com\/de\/wp-json\/wp\/v2\/posts\/772119\/revisions"}],"wp:featuredmedia":[{"embeddable":true,"href":"https:\/\/dailynewshungary.com\/de\/wp-json\/wp\/v2\/media\/772120"}],"wp:attachment":[{"href":"https:\/\/dailynewshungary.com\/de\/wp-json\/wp\/v2\/media?parent=772119"}],"wp:term":[{"taxonomy":"category","embeddable":true,"href":"https:\/\/dailynewshungary.com\/de\/wp-json\/wp\/v2\/categories?post=772119"},{"taxonomy":"post_tag","embeddable":true,"href":"https:\/\/dailynewshungary.com\/de\/wp-json\/wp\/v2\/tags?post=772119"}],"curies":[{"name":"wp","href":"https:\/\/api.w.org\/{rel}","templated":true}]}}