{"id":772123,"date":"2014-07-28T20:04:45","date_gmt":"2014-07-28T18:04:45","guid":{"rendered":"https:\/\/dailynewshungary.com\/de\/regierung-unterzeichnet-strategische-vereinbarung-mit-einheit-schwarzmuller\/"},"modified":"2014-07-28T20:04:45","modified_gmt":"2014-07-28T18:04:45","slug":"regierung-unterzeichnet-strategische-vereinbarung-mit-einheit-schwarzmuller","status":"publish","type":"post","link":"https:\/\/dailynewshungary.com\/de\/regierung-unterzeichnet-strategische-vereinbarung-mit-einheit-schwarzmuller\/","title":{"rendered":"Regierung unterzeichnet strategische Vereinbarung mit Einheit Schwarzm\u00fcller"},"content":{"rendered":"<p><strong>Budapest, 28. Juli (MTI) \u2013 Die Regierung unterzeichnete am Montag eine strategische Vereinbarung mit der \u00f6rtlichen Einheit des \u00f6sterreichischen Sattelaufliegerherstellers Schwarzmuller.<\/strong><\/p>\n<p>Unterzeichnet wurde die Vereinbarung von Peter Szijjarto, dem Staatssekret\u00e4r des Au\u00dfen &#8211; und Handelsministeriums, und Nandor Bundschuh, dem Gesch\u00e4ftsf\u00fchrer Schwarzm\u00fcllers.<\/p>\n<p>Die Fahrzeugindustrie spiele eine wichtige Rolle f\u00fcr die Leistung der ungarischen Wirtschaft, sagte Szijjarto und wies darauf hin, dass ihre 712 Unternehmen derzeit insgesamt 126.900 Mitarbeiter besch\u00e4ftigen.<\/p>\n<p>Das Produktionsvolumen des Sektors betrug im Gesamtjahr 2013 insgesamt 18,3 Milliarden Euro und belief sich in den ersten f\u00fcnf Monaten bereits auf 9,1 Milliarden Euro, sagte der Staatssekret\u00e4r.<\/p>\n<p>Wolfgang Waldner, der \u00f6sterreichische Botschafter, sagte bei der Veranstaltung, Schwarzm\u00fcller sei das dritte \u00f6sterreichische Unternehmen, mit dem die ungarische Regierung einen Partnerschaftsvertrag unterzeichnet habe. Dies deutet darauf hin, dass \u00f6sterreichische Unternehmen Zukunftsaussichten auf dem ungarischen Markt ber\u00fccksichtigen, sagte er.<\/p>\n<p>Schwarzmuller besch\u00e4ftigt in seiner Einheit in Dunaharaszti am Stadtrand von Budapest etwa 540 Mitarbeiter, die Einheit hatte im vergangenen Jahr einen Umsatz von 24 Milliarden Forint (78 Mio. EUR) und im ersten Halbjahr 2014 18 Milliarden.<\/p>\n<p><em>Foto: MTI \u2013 Lajos Soos<\/em><\/p>\n","protected":false},"excerpt":{"rendered":"<p>Budapest, 28. Juli (MTI) \u2013 Die Regierung unterzeichnete am Montag eine strategische Vereinbarung mit der \u00f6rtlichen Einheit des \u00f6sterreichischen Sattelaufliegerherstellers Schwarzmuller. Unterzeichnet wurde die Vereinbarung von Peter Szijjarto, dem Staatssekret\u00e4r des Au\u00dfen &#8211; und Handelsministeriums, und Nandor Bundschuh, dem Gesch\u00e4ftsf\u00fchrer Schwarzm\u00fcllers. Die Fahrzeugindustrie spiele eine wichtige Rolle f\u00fcr die Leistung der ungarischen Wirtschaft, sagte Szijjarto [&hellip;]<\/p>\n","protected":false},"author":2,"featured_media":772124,"comment_status":"open","ping_status":"open","sticky":false,"template":"","format":"standard","meta":{"_acf_changed":false,"_display_image":"","footnotes":""},"categories":[1281],"tags":[1297],"class_list":["post-772123","post","type-post","status-publish","format-standard","has-post-thumbnail","hentry","category-geschaft","tag-transport"],"blocksy_meta":[],"acf":[],"author_username":"alk","telegram_post":"","public_post_metadata":{"breaking_news":"","important":"","csempe":"","center_tile":"","disable_thumbnail":"","target_lang":"","_featured_image_style":"","telegram_post":"","_xlat_group_id":""},"public_rank_math_data":{"title":"%title% %sep% %sitename%","description":"","focus_keyword":"","canonical_url":"","robots":"","primary_category":"1281","breadcrumb_title":"","facebook_title":"","facebook_description":"","facebook_image":"","facebook_image_id":"","twitter_title":"","twitter_description":"","twitter_image":"","twitter_image_id":"","twitter_card_type":"","twitter_use_facebook":"","advanced_robots":"","pillar_content":"","seo_score":"","contentai_score":"","rich_snippet":""},"_links":{"self":[{"href":"https:\/\/dailynewshungary.com\/de\/wp-json\/wp\/v2\/posts\/772123","targetHints":{"allow":["GET"]}}],"collection":[{"href":"https:\/\/dailynewshungary.com\/de\/wp-json\/wp\/v2\/posts"}],"about":[{"href":"https:\/\/dailynewshungary.com\/de\/wp-json\/wp\/v2\/types\/post"}],"author":[{"embeddable":true,"href":"https:\/\/dailynewshungary.com\/de\/wp-json\/wp\/v2\/users\/2"}],"replies":[{"embeddable":true,"href":"https:\/\/dailynewshungary.com\/de\/wp-json\/wp\/v2\/comments?post=772123"}],"version-history":[{"count":0,"href":"https:\/\/dailynewshungary.com\/de\/wp-json\/wp\/v2\/posts\/772123\/revisions"}],"wp:featuredmedia":[{"embeddable":true,"href":"https:\/\/dailynewshungary.com\/de\/wp-json\/wp\/v2\/media\/772124"}],"wp:attachment":[{"href":"https:\/\/dailynewshungary.com\/de\/wp-json\/wp\/v2\/media?parent=772123"}],"wp:term":[{"taxonomy":"category","embeddable":true,"href":"https:\/\/dailynewshungary.com\/de\/wp-json\/wp\/v2\/categories?post=772123"},{"taxonomy":"post_tag","embeddable":true,"href":"https:\/\/dailynewshungary.com\/de\/wp-json\/wp\/v2\/tags?post=772123"}],"curies":[{"name":"wp","href":"https:\/\/api.w.org\/{rel}","templated":true}]}}