{"id":772125,"date":"2014-07-28T18:00:19","date_gmt":"2014-07-28T16:00:19","guid":{"rendered":"https:\/\/dailynewshungary.com\/de\/sozialisten-fordern-sesztak-wegen-schattiger-anwaltsvergangenheit-zum-rucktritt-auf\/"},"modified":"2014-07-28T18:00:19","modified_gmt":"2014-07-28T16:00:19","slug":"sozialisten-fordern-sesztak-wegen-schattiger-anwaltsvergangenheit-zum-rucktritt-auf","status":"publish","type":"post","link":"https:\/\/dailynewshungary.com\/de\/sozialisten-fordern-sesztak-wegen-schattiger-anwaltsvergangenheit-zum-rucktritt-auf\/","title":{"rendered":"Sozialisten fordern Sesztak wegen \u201cschattiger Anwaltsvergangenheit\u201d zum R\u00fccktritt auf"},"content":{"rendered":"<p><strong>Budapest, 28. Juli (MTI) \u2013 Die oppositionellen Sozialisten haben Entwicklungsminister Miklos Sesztak zum R\u00fccktritt aufgefordert und Beschwerden wiederholt, dass der Minister in der Vergangenheit als Anwalt bei zwielichtigen Gesch\u00e4ften mitgewirkt habe.<\/strong><\/p>\n<p>Bernadett Budai, ein Sprecher der Partei, sagte, dass Sesztak laut einem Bericht, der in der Tageszeitung Nepszabadsag vom Montag ver\u00f6ffentlicht wurde, Unternehmensdokumente, in denen er selbst Unterzeichner war, rechtlich unterschrieben habe. Die Regeln der Rechtskammer besagen, dass dieses Verhalten unangemessen sei, sagte Budai unter Berufung auf das Papier.<\/p>\n<p style=\"text-align: center;\"><img loading=\"lazy\" decoding=\"async\" class=\"size-full wp-image-9424 aligncenter\" alt=\"sesztak-fidesz\" src=\"https:\/\/dailynewshungary.com\/wp-content\/uploads\/2014\/07\/sesztak-fidesz.jpg\" width=\"600\" height=\"413\" srcset=\"https:\/\/contentf5.dailynewshungary.com\/wp-content\/uploads\/2014\/07\/sesztak-fidesz.jpg 600w, https:\/\/contentf5.dailynewshungary.com\/wp-content\/uploads\/2014\/07\/sesztak-fidesz-300x206.jpg 300w, https:\/\/contentf5.dailynewshungary.com\/wp-content\/uploads\/2014\/07\/sesztak-fidesz-116x80.jpg 116w\" sizes=\"auto, (max-width: 600px) 100vw, 600px\"><em>Miklos Sesztak (Foto: MTI)<\/em><\/p>\n<p><span style=\"line-height: 1.5em;\">Budai f\u00fcgte hinzu, dass Sesztak zuvor in zwielichtige Gesch\u00e4fte verwickelt gewesen sei, und behauptete, er habe als Mitglied des Aufsichtsrats einer Offshore-Unternehmensgruppe dabei geholfen, EU-Zusch\u00fcsse im Wert von 12,5 Milliarden Forint (40,51 Mio. EUR) abzusch\u00f6pfen.<\/span><\/p>\n<p>Sesztak sei es nicht wert, das Amt des Ministers zu besetzen, sagte Budai und f\u00fcgte hinzu, dass er angeblich auch an der Registrierung und K\u00fcndigung Hunderter Phantomunternehmen beteiligt gewesen sei.<\/p>\n<p>Das Nachrichtenportal Index.hu berichtete zuvor \u00fcber die Beteiligung von Sesztak an der Registrierung von 700 Unternehmen mit derselben Adresse im Nordosten Ungarns, die nach dem gleichen Muster gegr\u00fcndet wurden, und aufgrund der Nichtzahlung von Steuern sowie illegitimer und unklarer Aktivit\u00e4ten wurden die Unternehmen sp\u00e4ter vom Registergericht gek\u00fcndigt.<\/p>\n<p>Sesztak hatte die Vorw\u00fcrfe von index.hu als \u201cb\u00f6sartig\u201d abgetan und darauf bestanden, dass er sich jederzeit an das Gesetz gehalten habe.<\/p>\n<p><em>Foto: MTI \u2013 Zoltan Mathe<\/em><\/p>\n","protected":false},"excerpt":{"rendered":"<p>Budapest, 28. Juli (MTI) \u2013 Die oppositionellen Sozialisten haben Entwicklungsminister Miklos Sesztak zum R\u00fccktritt aufgefordert und Beschwerden wiederholt, dass der Minister in der Vergangenheit als Anwalt bei zwielichtigen Gesch\u00e4ften mitgewirkt habe. Bernadett Budai, ein Sprecher der Partei, sagte, dass Sesztak laut einem Bericht, der in der Tageszeitung Nepszabadsag vom Montag ver\u00f6ffentlicht wurde, Unternehmensdokumente, in denen [&hellip;]<\/p>\n","protected":false},"author":2,"featured_media":772126,"comment_status":"open","ping_status":"open","sticky":false,"template":"","format":"standard","meta":{"_acf_changed":false,"_display_image":"","footnotes":""},"categories":[1081],"tags":[1695],"class_list":["post-772125","post","type-post","status-publish","format-standard","has-post-thumbnail","hentry","category-politik","tag-sozialisten"],"blocksy_meta":[],"acf":[],"author_username":"alk","telegram_post":"","public_post_metadata":{"breaking_news":"","important":"","csempe":"","center_tile":"","disable_thumbnail":"","target_lang":"","_featured_image_style":"","telegram_post":"","_xlat_group_id":""},"public_rank_math_data":{"title":"%title% %sep% %sitename%","description":"","focus_keyword":"","canonical_url":"","robots":"","primary_category":"1081","breadcrumb_title":"","facebook_title":"","facebook_description":"","facebook_image":"","facebook_image_id":"","twitter_title":"","twitter_description":"","twitter_image":"","twitter_image_id":"","twitter_card_type":"","twitter_use_facebook":"","advanced_robots":"","pillar_content":"","seo_score":"","contentai_score":"","rich_snippet":""},"_links":{"self":[{"href":"https:\/\/dailynewshungary.com\/de\/wp-json\/wp\/v2\/posts\/772125","targetHints":{"allow":["GET"]}}],"collection":[{"href":"https:\/\/dailynewshungary.com\/de\/wp-json\/wp\/v2\/posts"}],"about":[{"href":"https:\/\/dailynewshungary.com\/de\/wp-json\/wp\/v2\/types\/post"}],"author":[{"embeddable":true,"href":"https:\/\/dailynewshungary.com\/de\/wp-json\/wp\/v2\/users\/2"}],"replies":[{"embeddable":true,"href":"https:\/\/dailynewshungary.com\/de\/wp-json\/wp\/v2\/comments?post=772125"}],"version-history":[{"count":0,"href":"https:\/\/dailynewshungary.com\/de\/wp-json\/wp\/v2\/posts\/772125\/revisions"}],"wp:featuredmedia":[{"embeddable":true,"href":"https:\/\/dailynewshungary.com\/de\/wp-json\/wp\/v2\/media\/772126"}],"wp:attachment":[{"href":"https:\/\/dailynewshungary.com\/de\/wp-json\/wp\/v2\/media?parent=772125"}],"wp:term":[{"taxonomy":"category","embeddable":true,"href":"https:\/\/dailynewshungary.com\/de\/wp-json\/wp\/v2\/categories?post=772125"},{"taxonomy":"post_tag","embeddable":true,"href":"https:\/\/dailynewshungary.com\/de\/wp-json\/wp\/v2\/tags?post=772125"}],"curies":[{"name":"wp","href":"https:\/\/api.w.org\/{rel}","templated":true}]}}