{"id":772137,"date":"2014-07-27T17:58:31","date_gmt":"2014-07-27T15:58:31","guid":{"rendered":"https:\/\/dailynewshungary.com\/de\/balaton-war-bereit-anstelle-von-eilat-junioren-open-water-weltmeisterschaften-auszurichten\/"},"modified":"2014-07-27T17:58:31","modified_gmt":"2014-07-27T15:58:31","slug":"balaton-war-bereit-anstelle-von-eilat-junioren-open-water-weltmeisterschaften-auszurichten","status":"publish","type":"post","link":"https:\/\/dailynewshungary.com\/de\/balaton-war-bereit-anstelle-von-eilat-junioren-open-water-weltmeisterschaften-auszurichten\/","title":{"rendered":"Balaton war bereit, anstelle von Eilat Junioren-Open-Water-Weltmeisterschaften auszurichten"},"content":{"rendered":"<p><strong>(MTI) \u2013 Die 2. Junioren-Freiwasser-Weltmeisterschaften werden dieses Jahr vom ungarischen Balatonfured statt vom israelischen Eilat ausgerichtet, sagte Tamas Gyarfas, der stellvertretende ungarische Pr\u00e4sident des internationalen Schwimmverbandes FINA, am Freitag gegen\u00fcber MTI.<\/strong><\/p>\n<p>Die FINA hat beschlossen, die f\u00fcr den 28-30. August in Eilat geplante Veranstaltung abzusagen, \u201eaufgrund der instabilen und unvorhersehbaren Situation in der Region\u201csagte der Verband in einer auf seiner Website ver\u00f6ffentlichten Erkl\u00e4rung\u201d.<\/p>\n<p>\u201cDiese au\u00dfergew\u00f6hnliche Entscheidung wurde auch durch Notizen von Besorgnis verschiedener nationaler Mitgliedsverb\u00e4nde der FINA im Zusammenhang mit der Sicherheit ihrer Athleten und Funktion\u00e4re diktiert\u201d, hie\u00df es.<\/p>\n<p>Gyarfas sagte, dass Balatonfured in Westungarn weit vor anderen alternativen Veranstaltungsorten wie Dubai, Barcelona oder Setubal bevorzugt werde, was teilweise auf die j\u00fcngsten Besuche von FINA-F\u00fchrungskr\u00e4ften in Ungarn zur\u00fcckzuf\u00fchren sei.<\/p>\n<p>Die Junioren-Freiwasserweltmeisterschaften finden vom 5. bis 7. September in Balatonfured statt.<\/p>\n<p><em>Foto: MTI \u2013 Tamas Kovacs<\/em><\/p>\n","protected":false},"excerpt":{"rendered":"<p>(MTI) \u2013 Die 2. Junioren-Freiwasser-Weltmeisterschaften werden dieses Jahr vom ungarischen Balatonfured statt vom israelischen Eilat ausgerichtet, sagte Tamas Gyarfas, der stellvertretende ungarische Pr\u00e4sident des internationalen Schwimmverbandes FINA, am Freitag gegen\u00fcber MTI. Die FINA hat beschlossen, die f\u00fcr den 28-30. August in Eilat geplante Veranstaltung abzusagen, \u201eaufgrund der instabilen und unvorhersehbaren Situation in der Region\u201csagte der [&hellip;]<\/p>\n","protected":false},"author":2,"featured_media":772138,"comment_status":"open","ping_status":"open","sticky":false,"template":"","format":"standard","meta":{"_acf_changed":false,"_display_image":"","footnotes":""},"categories":[1219],"tags":[1066],"class_list":["post-772137","post","type-post","status-publish","format-standard","has-post-thumbnail","hentry","category-sport","tag-hungary"],"blocksy_meta":[],"acf":[],"author_username":"alk","telegram_post":"","public_post_metadata":{"breaking_news":"","important":"","csempe":"","center_tile":"","disable_thumbnail":"","target_lang":"","_featured_image_style":"","telegram_post":"","_xlat_group_id":""},"public_rank_math_data":{"title":"%title% %sep% %sitename%","description":"","focus_keyword":"","canonical_url":"","robots":"","primary_category":"1219","breadcrumb_title":"","facebook_title":"","facebook_description":"","facebook_image":"","facebook_image_id":"","twitter_title":"","twitter_description":"","twitter_image":"","twitter_image_id":"","twitter_card_type":"","twitter_use_facebook":"","advanced_robots":"","pillar_content":"","seo_score":"","contentai_score":"","rich_snippet":""},"_links":{"self":[{"href":"https:\/\/dailynewshungary.com\/de\/wp-json\/wp\/v2\/posts\/772137","targetHints":{"allow":["GET"]}}],"collection":[{"href":"https:\/\/dailynewshungary.com\/de\/wp-json\/wp\/v2\/posts"}],"about":[{"href":"https:\/\/dailynewshungary.com\/de\/wp-json\/wp\/v2\/types\/post"}],"author":[{"embeddable":true,"href":"https:\/\/dailynewshungary.com\/de\/wp-json\/wp\/v2\/users\/2"}],"replies":[{"embeddable":true,"href":"https:\/\/dailynewshungary.com\/de\/wp-json\/wp\/v2\/comments?post=772137"}],"version-history":[{"count":0,"href":"https:\/\/dailynewshungary.com\/de\/wp-json\/wp\/v2\/posts\/772137\/revisions"}],"wp:featuredmedia":[{"embeddable":true,"href":"https:\/\/dailynewshungary.com\/de\/wp-json\/wp\/v2\/media\/772138"}],"wp:attachment":[{"href":"https:\/\/dailynewshungary.com\/de\/wp-json\/wp\/v2\/media?parent=772137"}],"wp:term":[{"taxonomy":"category","embeddable":true,"href":"https:\/\/dailynewshungary.com\/de\/wp-json\/wp\/v2\/categories?post=772137"},{"taxonomy":"post_tag","embeddable":true,"href":"https:\/\/dailynewshungary.com\/de\/wp-json\/wp\/v2\/tags?post=772137"}],"curies":[{"name":"wp","href":"https:\/\/api.w.org\/{rel}","templated":true}]}}