{"id":772153,"date":"2014-07-26T11:00:44","date_gmt":"2014-07-26T09:00:44","guid":{"rendered":"https:\/\/dailynewshungary.com\/de\/nato-general-diskutiert-ukraine-und-ungarn-hilfe-in-budapest\/"},"modified":"2014-07-26T11:00:44","modified_gmt":"2014-07-26T09:00:44","slug":"nato-general-diskutiert-ukraine-und-ungarn-hilfe-in-budapest","status":"publish","type":"post","link":"https:\/\/dailynewshungary.com\/de\/nato-general-diskutiert-ukraine-und-ungarn-hilfe-in-budapest\/","title":{"rendered":"NATO-General diskutiert Ukraine- und Ungarn-Hilfe in Budapest"},"content":{"rendered":"<p><strong>(MTI) \u2013 Sir Adrian John Bradshaw, stellvertretender Oberbefehlshaber der NATO in Europa, stattete Ungarn am Freitag einen kurzen Besuch ab, um die Krise in der Ukraine, die Reaktion der NATO und die Hilfe Ungarns sowie die Lage in Afghanistan und auf dem Balkan zu besprechen.<\/strong><\/p>\n<p>Bei einem Presserundtisch sagte General Bradshaw, der Hauptzweck seines Besuchs bestehe darin, mit NATO-Mitglied Ungarn zu besprechen, welche Reaktion das Nordatlantische B\u00fcndnis auf die Lage in der Ukraine geben sollte.<\/p>\n<p>General Bradshaw sagte, dass die NATO die Abschreckungstruppe aufrechterhalten sollte, die verh\u00e4ltnism\u00e4\u00dfig und f\u00fcr die Bew\u00e4ltigung der Krise geeignet sei. Er sagte, dass zu diesem Zweck mehrere Ma\u00dfnahmen ergriffen worden seien, darunter eine intensivere Luftkontrolle im Luftraum der baltischen L\u00e4nder und eine verst\u00e4rkte Marinepr\u00e4senz am Schwarzen Meer und im \u00f6stlichen Becken des Mittelmeers sowie eine Aufstellung der Landstreitkr\u00e4fte.<\/p>\n<p>Alle diese Aktionen seien defensiver Natur, untermauern aber auch die St\u00e4rke, die die NATO bei der Erf\u00fcllung der in Artikel 5 des Washingtoner Vertrags \u00fcber kollektive Verteidigung festgelegten Verpflichtungen darstellt, sagte er.<\/p>\n<p>General Bradshaw dankte Verteidigungsminister Csaba Hende und Armeechef Tibor Benko f\u00fcr die schnelle und entschlossene Unterst\u00fctzung, die Ungarn als Reaktion auf den Aufruf der NATO zu positiven Ma\u00dfnahmen angeboten hatte.<\/p>\n<p>Dazu geh\u00f6rten Feldoffiziere sowie Infrastruktur- und Luftraumkontrollausr\u00fcstung der ungarischen Streitkr\u00e4fte.<\/p>\n<p><em>Foto: reportervirtual.ro<\/em><\/p>\n","protected":false},"excerpt":{"rendered":"<p>(MTI) \u2013 Sir Adrian John Bradshaw, stellvertretender Oberbefehlshaber der NATO in Europa, stattete Ungarn am Freitag einen kurzen Besuch ab, um die Krise in der Ukraine, die Reaktion der NATO und die Hilfe Ungarns sowie die Lage in Afghanistan und auf dem Balkan zu besprechen. Bei einem Presserundtisch sagte General Bradshaw, der Hauptzweck seines Besuchs [&hellip;]<\/p>\n","protected":false},"author":2,"featured_media":772154,"comment_status":"open","ping_status":"open","sticky":false,"template":"","format":"standard","meta":{"_acf_changed":false,"_display_image":"","footnotes":""},"categories":[1081],"tags":[1203,1204],"class_list":["post-772153","post","type-post","status-publish","format-standard","has-post-thumbnail","hentry","category-politik","tag-armee","tag-militar"],"blocksy_meta":[],"acf":[],"author_username":"alk","telegram_post":"","public_post_metadata":{"breaking_news":"","important":"","csempe":"","center_tile":"","disable_thumbnail":"","target_lang":"","_featured_image_style":"","telegram_post":"","_xlat_group_id":""},"public_rank_math_data":{"title":"%title% %sep% %sitename%","description":"","focus_keyword":"","canonical_url":"","robots":"","primary_category":"1081","breadcrumb_title":"","facebook_title":"","facebook_description":"","facebook_image":"","facebook_image_id":"","twitter_title":"","twitter_description":"","twitter_image":"","twitter_image_id":"","twitter_card_type":"","twitter_use_facebook":"","advanced_robots":"","pillar_content":"","seo_score":"","contentai_score":"","rich_snippet":""},"_links":{"self":[{"href":"https:\/\/dailynewshungary.com\/de\/wp-json\/wp\/v2\/posts\/772153","targetHints":{"allow":["GET"]}}],"collection":[{"href":"https:\/\/dailynewshungary.com\/de\/wp-json\/wp\/v2\/posts"}],"about":[{"href":"https:\/\/dailynewshungary.com\/de\/wp-json\/wp\/v2\/types\/post"}],"author":[{"embeddable":true,"href":"https:\/\/dailynewshungary.com\/de\/wp-json\/wp\/v2\/users\/2"}],"replies":[{"embeddable":true,"href":"https:\/\/dailynewshungary.com\/de\/wp-json\/wp\/v2\/comments?post=772153"}],"version-history":[{"count":0,"href":"https:\/\/dailynewshungary.com\/de\/wp-json\/wp\/v2\/posts\/772153\/revisions"}],"wp:featuredmedia":[{"embeddable":true,"href":"https:\/\/dailynewshungary.com\/de\/wp-json\/wp\/v2\/media\/772154"}],"wp:attachment":[{"href":"https:\/\/dailynewshungary.com\/de\/wp-json\/wp\/v2\/media?parent=772153"}],"wp:term":[{"taxonomy":"category","embeddable":true,"href":"https:\/\/dailynewshungary.com\/de\/wp-json\/wp\/v2\/categories?post=772153"},{"taxonomy":"post_tag","embeddable":true,"href":"https:\/\/dailynewshungary.com\/de\/wp-json\/wp\/v2\/tags?post=772153"}],"curies":[{"name":"wp","href":"https:\/\/api.w.org\/{rel}","templated":true}]}}