{"id":772161,"date":"2014-07-25T14:02:21","date_gmt":"2014-07-25T12:02:21","guid":{"rendered":"https:\/\/dailynewshungary.com\/de\/ungarn-sollte-die-diplomatischen-verbindungen-zu-israel-abbrechen-sagt-vona-bei-der-demonstration\/"},"modified":"2014-07-25T14:02:21","modified_gmt":"2014-07-25T12:02:21","slug":"ungarn-sollte-die-diplomatischen-verbindungen-zu-israel-abbrechen-sagt-vona-bei-der-demonstration","status":"publish","type":"post","link":"https:\/\/dailynewshungary.com\/de\/ungarn-sollte-die-diplomatischen-verbindungen-zu-israel-abbrechen-sagt-vona-bei-der-demonstration\/","title":{"rendered":"Ungarn sollte die diplomatischen Verbindungen zu Israel abbrechen, sagt Vona bei der Demonstration"},"content":{"rendered":"<p><strong>Budapest, 25. Juli (MTI) \u201eUngarn sollte die diplomatischen Beziehungen zu Israel abbrechen, bis der Staat Pal\u00e4stina frei wird, sagte der radikal-nationalistische Jobbik-F\u00fchrer Gabor Vona am sp\u00e4ten Donnerstag bei einer Demonstration in Budapest.<\/strong><\/p>\n<p>Vona, der eine Keffiyeh im Hals hatte, sagte vor der israelischen Botschaft, dass die Partei dem Parlament noch vor Ende der Woche eine Resolution dazu vorlegen werde. Jobbik werde sich in den n\u00e4chsten Tagen an die F\u00fchrer der \u201ceurop\u00e4ischen Nationalparteien\u201d wenden und sie bitten, die Pal\u00e4stinenser zu unterst\u00fctzen. Er sagte, er freue sich besonders auf Reaktionen der Freiheitlichen Partei \u00d6sterreichs und des Front National Frankreichs, die sich als falsch erweisen k\u00f6nnten, wenn es um Ger\u00fcchte geht, dass sie \u201cihre Seelen an den israelischen Babym\u00f6rder verkauft haben\u201d Vona wiederholte seinen Aufruf an die Ungarn, Produkte aus Israel zu boykottieren.<\/p>\n<p>Er kritisierte zivile Organisationen, christliche Kirchen und \u00f6ffentliche Pers\u00f6nlichkeiten daf\u00fcr, dass sie sich nicht f\u00fcr den Schutz der Pal\u00e4stinenser einsetzen. Er f\u00fcgte hinzu, dass Pr\u00e4sident Janos Ader ihn pers\u00f6nlich kontaktierte, als der pensionierte Oberrabbiner Jozsef Schweitzer in Budapest verbal beleidigt wurde, um sich zu entschuldigen. \u201eAder sollte jetzt \u201eden israelischen Botschafter anrufen, ihn zum Sandor-Palast rufen und ihm sagen, dass er 24 Stunden Zeit hatte, um einzupacken und dieses Land zu verlassen, weil wir eine solche Person hier nicht tolerieren\u201csagte Vona.<\/p>\n<p>Die Demonstration in der israelischen Botschaft zog einige hundert Teilnehmer an und sie zogen sp\u00e4ter in die pal\u00e4stinensische Botschaft, wo einige Dutzend Gegendemonstranten israelische Flaggen schwenkten.<\/p>\n<p>In der pal\u00e4stinensischen Botschaft sagte Botschafterin Marie Antoinette Sedin, der Konflikt in Gaza k\u00f6nne nicht durch einen Waffenstillstand nur bis zum Ende der israelischen Besatzung beendet werden.<\/p>\n<p><em>Foto: MTI \u2013 Noemi Bruzak<\/em><\/p>\n","protected":false},"excerpt":{"rendered":"<p>Budapest, 25. Juli (MTI) \u201eUngarn sollte die diplomatischen Beziehungen zu Israel abbrechen, bis der Staat Pal\u00e4stina frei wird, sagte der radikal-nationalistische Jobbik-F\u00fchrer Gabor Vona am sp\u00e4ten Donnerstag bei einer Demonstration in Budapest. Vona, der eine Keffiyeh im Hals hatte, sagte vor der israelischen Botschaft, dass die Partei dem Parlament noch vor Ende der Woche eine [&hellip;]<\/p>\n","protected":false},"author":2,"featured_media":772162,"comment_status":"open","ping_status":"open","sticky":false,"template":"","format":"standard","meta":{"_acf_changed":false,"_display_image":"","footnotes":""},"categories":[1081],"tags":[1266,1632],"class_list":["post-772161","post","type-post","status-publish","format-standard","has-post-thumbnail","hentry","category-politik","tag-demonstration","tag-jobbik"],"blocksy_meta":[],"acf":[],"author_username":"alk","telegram_post":"","public_post_metadata":{"breaking_news":"","important":"","csempe":"","center_tile":"","disable_thumbnail":"","target_lang":"","_featured_image_style":"","telegram_post":"","_xlat_group_id":""},"public_rank_math_data":{"title":"%title% %sep% %sitename%","description":"","focus_keyword":"","canonical_url":"","robots":"","primary_category":"1081","breadcrumb_title":"","facebook_title":"","facebook_description":"","facebook_image":"","facebook_image_id":"","twitter_title":"","twitter_description":"","twitter_image":"","twitter_image_id":"","twitter_card_type":"","twitter_use_facebook":"","advanced_robots":"","pillar_content":"","seo_score":"","contentai_score":"","rich_snippet":""},"_links":{"self":[{"href":"https:\/\/dailynewshungary.com\/de\/wp-json\/wp\/v2\/posts\/772161","targetHints":{"allow":["GET"]}}],"collection":[{"href":"https:\/\/dailynewshungary.com\/de\/wp-json\/wp\/v2\/posts"}],"about":[{"href":"https:\/\/dailynewshungary.com\/de\/wp-json\/wp\/v2\/types\/post"}],"author":[{"embeddable":true,"href":"https:\/\/dailynewshungary.com\/de\/wp-json\/wp\/v2\/users\/2"}],"replies":[{"embeddable":true,"href":"https:\/\/dailynewshungary.com\/de\/wp-json\/wp\/v2\/comments?post=772161"}],"version-history":[{"count":0,"href":"https:\/\/dailynewshungary.com\/de\/wp-json\/wp\/v2\/posts\/772161\/revisions"}],"wp:featuredmedia":[{"embeddable":true,"href":"https:\/\/dailynewshungary.com\/de\/wp-json\/wp\/v2\/media\/772162"}],"wp:attachment":[{"href":"https:\/\/dailynewshungary.com\/de\/wp-json\/wp\/v2\/media?parent=772161"}],"wp:term":[{"taxonomy":"category","embeddable":true,"href":"https:\/\/dailynewshungary.com\/de\/wp-json\/wp\/v2\/categories?post=772161"},{"taxonomy":"post_tag","embeddable":true,"href":"https:\/\/dailynewshungary.com\/de\/wp-json\/wp\/v2\/tags?post=772161"}],"curies":[{"name":"wp","href":"https:\/\/api.w.org\/{rel}","templated":true}]}}