{"id":772189,"date":"2014-07-23T14:02:59","date_gmt":"2014-07-23T12:02:59","guid":{"rendered":"https:\/\/dailynewshungary.com\/de\/italien-soll-sich-wahrend-der-eu-ratsprasidentschaft-auf-die-wirtschaft-konzentrieren-sagt-botschafter\/"},"modified":"2014-07-23T14:02:59","modified_gmt":"2014-07-23T12:02:59","slug":"italien-soll-sich-wahrend-der-eu-ratsprasidentschaft-auf-die-wirtschaft-konzentrieren-sagt-botschafter","status":"publish","type":"post","link":"https:\/\/dailynewshungary.com\/de\/italien-soll-sich-wahrend-der-eu-ratsprasidentschaft-auf-die-wirtschaft-konzentrieren-sagt-botschafter\/","title":{"rendered":"Italien soll sich w\u00e4hrend der EU-Ratspr\u00e4sidentschaft auf die Wirtschaft konzentrieren, sagt Botschafter"},"content":{"rendered":"<p><strong><span style=\"font-size: 14px; line-height: 1.5em;\">Budapest, 23. Juli (MTI) \u201eWirtschaftsfragen, Au\u00dfenpolitik und der Schutz der Grundrechte stehen im Mittelpunkt der italienischen Pr\u00e4sidentschaft der Europ\u00e4ischen Union, die am 1. Juli begann, sagte die Botschafterin in Ungarn, Maria Assunta Accili, gegen\u00fcber MTI.<\/span><\/strong><\/p>\n<p>Die Arbeitslosigkeit, bei der in Europa etwa 26 Millionen Menschen arbeitslos sind, erfordert sofortiges Handeln, daher sucht Italien nach M\u00f6glichkeiten, das Wirtschaftswachstum und die Schaffung von Arbeitspl\u00e4tzen anzukurbeln. Haushaltsstabilit\u00e4t und Disziplin sind erforderlich, um Europa wettbewerbsf\u00e4hig zu machen, und dies gilt sowohl f\u00fcr L\u00e4nder der Eurozone als auch f\u00fcr L\u00e4nder au\u00dferhalb der Eurozone, sagte sie.<\/p>\n<p>Der Botschafter betonte die Notwendigkeit einer gemeinsamen europ\u00e4ischen Energiesicherheitspolitik, einschlie\u00dflich der Ausweitung der Energieversorgungswege, der Diversifizierung von Angebot und Nachfrage, einer verbesserten Energieeffizienz, einer verst\u00e4rkten Nutzung erneuerbarer Energien und einer st\u00e4rkeren Solidarit\u00e4t zwischen den Mitgliedsl\u00e4ndern im Notfall.<\/p>\n<p>Die Botschafterin sagte, die EU solle auf internationaler Ebene aktiver werden Sie \u00e4u\u00dferte sich besorgt \u00fcber die Lage in der Ukraine und bestand darauf, dass die Eskalation der Gewalt gestoppt werden sollte, bevor sie die EU-Grenzen erreicht Die Mitgliedsl\u00e4nder sollten gemeinsam Ma\u00dfnahmen ergreifen, wenn die EU die Fortschritte der Ukraine in Richtung Demokratie ernsthaft unterst\u00fctzen will Trotz der Situation in der Ukraine bleibt Russland ein wichtiger Partner in globalen Fragen, daher ist es unerl\u00e4sslich, den Dialog zwischen der EU und Russland aufrechtzuerhalten Gleichzeitig sollte das V\u00f6lkerrecht respektiert werden, f\u00fcgte sie hinzu.<\/p>\n<p>Accili sagte, die EU m\u00fcsse ihr Engagement f\u00fcr die Erweiterung unter Beweis stellen, um die Kandidatenl\u00e4nder zu ermutigen, die Beitrittskriterien zu erf\u00fcllen. Die Erweiterung sei weiterhin von entscheidender Bedeutung f\u00fcr den Schutz von Frieden, Demokratie und Stabilit\u00e4t, f\u00fcgte sie hinzu.<\/p>\n<p>Zu den Aufgaben der italienischen EU-Ratspr\u00e4sidentschaft z\u00e4hlte sie auch die Versch\u00e4rfung der Wirtschaftsbeziehungen zwischen der EU und den asiatischen Volkswirtschaften sowie die Fortsetzung der Gespr\u00e4che \u00fcber ein transatlantisches Freihandelsabkommen.<\/p>\n<p>Der Botschafter sagte, Italien sei besonders vom Problem der illegalen Einwanderer betroffen und fordert die Mitgliedsl\u00e4nder dringend auf, die Solidarit\u00e4t zu st\u00e4rken und die Effizienz des Schutzes der EU-Au\u00dfengrenzen zu steigern.<\/p>\n<p>Sie sagte, in Ungarn seien in den kommenden sechs Monaten mehrere Veranstaltungen im Zusammenhang mit der italienischen EU-Ratspr\u00e4sidentschaft geplant, darunter eine Reihe von Konferenzen \u00fcber Integration und Herausforderungen am Italienischen Institut Von den drei wichtigen kulturellen Veranstaltungen, die zeitlich mit der EU-Ratspr\u00e4sidentschaft zusammenfallen, sagte sie, die erste sei am 5. Juli stattgefunden, als hundert Cellisten aus ganz Europa in Budapest zusammen spielten.<\/p>\n<p>Italien hat die Pr\u00e4sidentschaft von Griechenland \u00fcbernommen und wird sie Ende des Jahres an Lettland \u00fcbergeben.<\/p>\n<p><em>Foto:&nbsp;<a href=\"http:\/\/www.dunapalota.hu\/exhibition\/Firenzei-Emlekkepek-II.-\" data-ved=\"0CAQQjB0\" target=\"_blank\" rel=\"noopener\">www.dunapalota.hu<\/a><\/em><\/p>\n","protected":false},"excerpt":{"rendered":"<p>Budapest, 23. Juli (MTI) \u201eWirtschaftsfragen, Au\u00dfenpolitik und der Schutz der Grundrechte stehen im Mittelpunkt der italienischen Pr\u00e4sidentschaft der Europ\u00e4ischen Union, die am 1. Juli begann, sagte die Botschafterin in Ungarn, Maria Assunta Accili, gegen\u00fcber MTI. Die Arbeitslosigkeit, bei der in Europa etwa 26 Millionen Menschen arbeitslos sind, erfordert sofortiges Handeln, daher sucht Italien nach M\u00f6glichkeiten, [&hellip;]<\/p>\n","protected":false},"author":2,"featured_media":772190,"comment_status":"open","ping_status":"open","sticky":false,"template":"","format":"standard","meta":{"_acf_changed":false,"_display_image":"","footnotes":""},"categories":[1281],"tags":[1082,1104],"class_list":["post-772189","post","type-post","status-publish","format-standard","has-post-thumbnail","hentry","category-geschaft","tag-europaische-union","tag-wirtschaft"],"blocksy_meta":[],"acf":[],"author_username":"alk","telegram_post":"","public_post_metadata":{"breaking_news":"","important":"","csempe":"","center_tile":"","disable_thumbnail":"","target_lang":"","_featured_image_style":"","telegram_post":"","_xlat_group_id":""},"public_rank_math_data":{"title":"%title% %sep% %sitename%","description":"","focus_keyword":"","canonical_url":"","robots":"","primary_category":"1281","breadcrumb_title":"","facebook_title":"","facebook_description":"","facebook_image":"","facebook_image_id":"","twitter_title":"","twitter_description":"","twitter_image":"","twitter_image_id":"","twitter_card_type":"","twitter_use_facebook":"","advanced_robots":"","pillar_content":"","seo_score":"","contentai_score":"","rich_snippet":""},"_links":{"self":[{"href":"https:\/\/dailynewshungary.com\/de\/wp-json\/wp\/v2\/posts\/772189","targetHints":{"allow":["GET"]}}],"collection":[{"href":"https:\/\/dailynewshungary.com\/de\/wp-json\/wp\/v2\/posts"}],"about":[{"href":"https:\/\/dailynewshungary.com\/de\/wp-json\/wp\/v2\/types\/post"}],"author":[{"embeddable":true,"href":"https:\/\/dailynewshungary.com\/de\/wp-json\/wp\/v2\/users\/2"}],"replies":[{"embeddable":true,"href":"https:\/\/dailynewshungary.com\/de\/wp-json\/wp\/v2\/comments?post=772189"}],"version-history":[{"count":0,"href":"https:\/\/dailynewshungary.com\/de\/wp-json\/wp\/v2\/posts\/772189\/revisions"}],"wp:featuredmedia":[{"embeddable":true,"href":"https:\/\/dailynewshungary.com\/de\/wp-json\/wp\/v2\/media\/772190"}],"wp:attachment":[{"href":"https:\/\/dailynewshungary.com\/de\/wp-json\/wp\/v2\/media?parent=772189"}],"wp:term":[{"taxonomy":"category","embeddable":true,"href":"https:\/\/dailynewshungary.com\/de\/wp-json\/wp\/v2\/categories?post=772189"},{"taxonomy":"post_tag","embeddable":true,"href":"https:\/\/dailynewshungary.com\/de\/wp-json\/wp\/v2\/tags?post=772189"}],"curies":[{"name":"wp","href":"https:\/\/api.w.org\/{rel}","templated":true}]}}