{"id":772215,"date":"2014-07-22T09:02:13","date_gmt":"2014-07-22T07:02:13","guid":{"rendered":"https:\/\/dailynewshungary.com\/de\/die-regierung-plant-keine-einweihungszeremonie-fur-das-denkmal-aus-dem-zweiten-weltkrieg\/"},"modified":"2014-07-22T09:02:13","modified_gmt":"2014-07-22T07:02:13","slug":"die-regierung-plant-keine-einweihungszeremonie-fur-das-denkmal-aus-dem-zweiten-weltkrieg","status":"publish","type":"post","link":"https:\/\/dailynewshungary.com\/de\/die-regierung-plant-keine-einweihungszeremonie-fur-das-denkmal-aus-dem-zweiten-weltkrieg\/","title":{"rendered":"Die Regierung plant keine Einweihungszeremonie f\u00fcr das Denkmal aus dem Zweiten Weltkrieg"},"content":{"rendered":"<p><strong>(MTI) \u2013 Es werde keine Enth\u00fcllungszeremonie f\u00fcr Budapests neues Denkmal geben, das den Opfern der deutschen Besatzung Ungarns im Jahr 1944 gewidmet sei, sagte der Leiter des B\u00fcros des Premierministers am Montag auf einer Pressekonferenz.<\/strong><\/p>\n<p>Auf eine Frage antwortete Janos Lazar, dass die Regierung sich der Streitigkeiten und \u201eMissverst\u00e4ndnisse\u201cum das Denkmal bewusst sei, die Trauer der Menschen respektiere, die sich dem Bauwerk widersetzten, und beschloss, die Pl\u00e4ne f\u00fcr eine Einweihungszeremonie fallen zu lassen.<\/p>\n<p>Lazar bestand darauf, dass das Denkmal nicht \u201cgegen manche Menschen\u201d entworfen und errichtet wurde, sondern um die Erinnerung zu gew\u00e4hrleisten \u201cWir haben versucht, fair, ehrlich und konsequent zu handeln\u201d M\u00f6glicherweise gab es Fehler, in der Koordination, die einen Schatten auf unsere Entscheidungen geworfen haben, sagte er.<\/p>\n<p>Die Motivation der Regierung sei gewesen, \u201cf\u00fcr die heutige Generation und f\u00fcr die Nachwelt deutlich zu machen, dass der ungarische Holocaust, die Deportation der Juden aus Ungarn, ohne die deutsche Besatzung des Landes nicht h\u00e4tte stattfinden k\u00f6nnen\u201d, sagte der MinisterEr f\u00fcgte hinzu, dass \u201ces keinen n\u00fcchternen Dialog gegeben habe\u201d, was die Verantwortung sowohl der ungarischen Verwaltung als auch Deutschlands f\u00fcr den Holocaust betrifft, Betonend, dass es keinen Holocaust gegeben h\u00e4tte, wenn Ungarn nicht besetzt worden w\u00e4re, hei\u00dft das nicht, die Verantwortung der ungarischen Regierungen oder ihrer damaligen Beamten zu leugnen \u201cDie Verbrechen, die Deutschland gegen Ungarn begangen hat, entbinden uns nicht von der Verantwortung f\u00fcr die Verbrechen, die wir begangen haben\u201d, sagte Lazar.<\/p>\n<p>Der Vorsitzende der Sozialistischen Partei, Jozsef Tobias, kritisierte das Denkmal und sagte am Montagabend gegen\u00fcber dem kommerziellen InfoRadio, dass \u201edie Regierung die Kontrolle verloren hat\u201cund eine politische Entscheidung getroffen habe, als sie trotz \u201eSignalen externer Akteure\u201d ihre Pl\u00e4ne f\u00fcr das Denkmal fortsetzte.<\/p>\n<p>Der Plan, das Denkmal zum 70. Jahrestag der nationalsozialistischen deutschen Besatzung Ungarns zu errichten, wurde Ende letzten Jahres angek\u00fcndigt und wird seitdem von Oppositionsparteien und Zivilisten heftig kritisiert, da er die Aufmerksamkeit von der Rolle der Nation im Holocaust ablenke.<\/p>\n<p>Zivilisten und Politiker protestierten am Sonntag gegen das umstrittene Denkmal, nachdem es \u00fcber Nacht errichtet worden war.<\/p>\n<p><em>Foto: MTI \u2013 Zoltan Mathe<\/em><\/p>\n","protected":false},"excerpt":{"rendered":"<p>(MTI) \u2013 Es werde keine Enth\u00fcllungszeremonie f\u00fcr Budapests neues Denkmal geben, das den Opfern der deutschen Besatzung Ungarns im Jahr 1944 gewidmet sei, sagte der Leiter des B\u00fcros des Premierministers am Montag auf einer Pressekonferenz. Auf eine Frage antwortete Janos Lazar, dass die Regierung sich der Streitigkeiten und \u201eMissverst\u00e4ndnisse\u201cum das Denkmal bewusst sei, die Trauer [&hellip;]<\/p>\n","protected":false},"author":2,"featured_media":772216,"comment_status":"open","ping_status":"open","sticky":false,"template":"","format":"standard","meta":{"_acf_changed":false,"_display_image":"","footnotes":""},"categories":[1081],"tags":[1266],"class_list":["post-772215","post","type-post","status-publish","format-standard","has-post-thumbnail","hentry","category-politik","tag-demonstration"],"blocksy_meta":[],"acf":[],"author_username":"alk","telegram_post":"","public_post_metadata":{"breaking_news":"","important":"","csempe":"","center_tile":"","disable_thumbnail":"","target_lang":"","_featured_image_style":"","telegram_post":"","_xlat_group_id":""},"public_rank_math_data":{"title":"%title% %sep% %sitename%","description":"","focus_keyword":"","canonical_url":"","robots":"","primary_category":"1081","breadcrumb_title":"","facebook_title":"","facebook_description":"","facebook_image":"","facebook_image_id":"","twitter_title":"","twitter_description":"","twitter_image":"","twitter_image_id":"","twitter_card_type":"","twitter_use_facebook":"","advanced_robots":"","pillar_content":"","seo_score":"","contentai_score":"","rich_snippet":""},"_links":{"self":[{"href":"https:\/\/dailynewshungary.com\/de\/wp-json\/wp\/v2\/posts\/772215","targetHints":{"allow":["GET"]}}],"collection":[{"href":"https:\/\/dailynewshungary.com\/de\/wp-json\/wp\/v2\/posts"}],"about":[{"href":"https:\/\/dailynewshungary.com\/de\/wp-json\/wp\/v2\/types\/post"}],"author":[{"embeddable":true,"href":"https:\/\/dailynewshungary.com\/de\/wp-json\/wp\/v2\/users\/2"}],"replies":[{"embeddable":true,"href":"https:\/\/dailynewshungary.com\/de\/wp-json\/wp\/v2\/comments?post=772215"}],"version-history":[{"count":0,"href":"https:\/\/dailynewshungary.com\/de\/wp-json\/wp\/v2\/posts\/772215\/revisions"}],"wp:featuredmedia":[{"embeddable":true,"href":"https:\/\/dailynewshungary.com\/de\/wp-json\/wp\/v2\/media\/772216"}],"wp:attachment":[{"href":"https:\/\/dailynewshungary.com\/de\/wp-json\/wp\/v2\/media?parent=772215"}],"wp:term":[{"taxonomy":"category","embeddable":true,"href":"https:\/\/dailynewshungary.com\/de\/wp-json\/wp\/v2\/categories?post=772215"},{"taxonomy":"post_tag","embeddable":true,"href":"https:\/\/dailynewshungary.com\/de\/wp-json\/wp\/v2\/tags?post=772215"}],"curies":[{"name":"wp","href":"https:\/\/api.w.org\/{rel}","templated":true}]}}