{"id":772240,"date":"2014-07-20T10:34:19","date_gmt":"2014-07-20T08:34:19","guid":{"rendered":"https:\/\/dailynewshungary.com\/de\/der-lmp-kongress-wahlt-szel-und-schiffer-erneut-zu-seinen-co-vorsitzenden\/"},"modified":"2014-07-20T10:34:19","modified_gmt":"2014-07-20T08:34:19","slug":"der-lmp-kongress-wahlt-szel-und-schiffer-erneut-zu-seinen-co-vorsitzenden","status":"publish","type":"post","link":"https:\/\/dailynewshungary.com\/de\/der-lmp-kongress-wahlt-szel-und-schiffer-erneut-zu-seinen-co-vorsitzenden\/","title":{"rendered":"Der LMP-Kongress w\u00e4hlt Szel und Schiffer erneut zu seinen Co-Vorsitzenden"},"content":{"rendered":"<p><strong>(MTI) \u2013 Die kleine Oppositionspartei LMP hat am Samstag auf einem Nationalkongress Bernadett Szel und Andras Schiffer als Co-Vorsitzende wiedergew\u00e4hlt.<\/strong><\/p>\n<p><a href=\"https:\/\/dailynewshungary.com\/wp-content\/uploads\/2014\/07\/lmp.jpg\" data-pswp-width=\"\" data-pswp-height=\"\" data-cropped=\"true\"><img loading=\"lazy\" decoding=\"async\" class=\"size-medium wp-image-9195 alignleft\" alt=\"lmp\" src=\"https:\/\/dailynewshungary.com\/wp-content\/uploads\/2014\/07\/lmp-218x300.jpg\" width=\"218\" height=\"300\" srcset=\"https:\/\/contentf5.dailynewshungary.com\/wp-content\/uploads\/2014\/07\/lmp-218x300.jpg 218w, https:\/\/contentf5.dailynewshungary.com\/wp-content\/uploads\/2014\/07\/lmp.jpg 436w\" sizes=\"auto, (max-width: 218px) 100vw, 218px\"><\/a>Der Kongress w\u00e4hlte au\u00dferdem einen neunk\u00f6pfigen Nationalvorstand, dem die beiden Co-Vorsitzenden angeh\u00f6ren, der Vorstand, der ein Mandat f\u00fcr ein Jahr hat, \u00fcbernimmt die Aufgaben der Nationalversammlung.<\/p>\n<p>Die meisten Vorstandsmitglieder kommen aus Wahlkreisen auf dem Land und drei davon sind Frauen, sagte Szel auf einer Pressekonferenz.<\/p>\n<p>Die politische Ausrichtung der Partei werde sich nicht \u00e4ndern, sagte sie.<\/p>\n<p>Nach einer \u00e4u\u00dferst schwierigen Zeit, die der bisherige Vorstand aufl\u00f6sen und die Partei \u201cwiederbeleben\u201d konnte, seien erfolgreiche Wahlk\u00e4mpfe 2014 konutiert worden, f\u00fcgte sie hinzu.<\/p>\n<p>Der n\u00e4chste Schritt sei, das Parteinetzwerk weiter aufzubauen und zu erweitern, f\u00fcgte Szel hinzu.<\/p>\n<p>Die Budapester Partei wird am Sonntag einen Kongress abhalten, bei dem \u00fcber das LMP-Programm f\u00fcr die Hauptstadt abgestimmt wird. Es wird erwartet, dass sie einen Kandidaten f\u00fcr das Amt des B\u00fcrgermeisters der Stadt nominiert.<\/p>\n<p>Die Gr\u00fcne LMP stellt 5 Abgeordnete im neuen, 199-k\u00f6pfigen Parlament Ungarns.<\/p>\n<p><em>Foto: MTI \u2013 Bea Kallos<\/em><\/p>\n","protected":false},"excerpt":{"rendered":"<p>(MTI) \u2013 Die kleine Oppositionspartei LMP hat am Samstag auf einem Nationalkongress Bernadett Szel und Andras Schiffer als Co-Vorsitzende wiedergew\u00e4hlt. Der Kongress w\u00e4hlte au\u00dferdem einen neunk\u00f6pfigen Nationalvorstand, dem die beiden Co-Vorsitzenden angeh\u00f6ren, der Vorstand, der ein Mandat f\u00fcr ein Jahr hat, \u00fcbernimmt die Aufgaben der Nationalversammlung. Die meisten Vorstandsmitglieder kommen aus Wahlkreisen auf dem Land [&hellip;]<\/p>\n","protected":false},"author":2,"featured_media":0,"comment_status":"open","ping_status":"open","sticky":false,"template":"","format":"standard","meta":{"_acf_changed":false,"_display_image":"","footnotes":""},"categories":[1081],"tags":[1873],"class_list":["post-772240","post","type-post","status-publish","format-standard","hentry","category-politik","tag-lmp"],"blocksy_meta":[],"acf":[],"author_username":"alk","telegram_post":"","public_post_metadata":{"breaking_news":"","important":"","csempe":"","center_tile":"","disable_thumbnail":"","target_lang":"","_featured_image_style":"","telegram_post":"","_xlat_group_id":""},"public_rank_math_data":{"title":"%title% %sep% %sitename%","description":"","focus_keyword":"","canonical_url":"","robots":"","primary_category":"1081","breadcrumb_title":"","facebook_title":"","facebook_description":"","facebook_image":"","facebook_image_id":"","twitter_title":"","twitter_description":"","twitter_image":"","twitter_image_id":"","twitter_card_type":"","twitter_use_facebook":"","advanced_robots":"","pillar_content":"","seo_score":"","contentai_score":"","rich_snippet":""},"_links":{"self":[{"href":"https:\/\/dailynewshungary.com\/de\/wp-json\/wp\/v2\/posts\/772240","targetHints":{"allow":["GET"]}}],"collection":[{"href":"https:\/\/dailynewshungary.com\/de\/wp-json\/wp\/v2\/posts"}],"about":[{"href":"https:\/\/dailynewshungary.com\/de\/wp-json\/wp\/v2\/types\/post"}],"author":[{"embeddable":true,"href":"https:\/\/dailynewshungary.com\/de\/wp-json\/wp\/v2\/users\/2"}],"replies":[{"embeddable":true,"href":"https:\/\/dailynewshungary.com\/de\/wp-json\/wp\/v2\/comments?post=772240"}],"version-history":[{"count":0,"href":"https:\/\/dailynewshungary.com\/de\/wp-json\/wp\/v2\/posts\/772240\/revisions"}],"wp:attachment":[{"href":"https:\/\/dailynewshungary.com\/de\/wp-json\/wp\/v2\/media?parent=772240"}],"wp:term":[{"taxonomy":"category","embeddable":true,"href":"https:\/\/dailynewshungary.com\/de\/wp-json\/wp\/v2\/categories?post=772240"},{"taxonomy":"post_tag","embeddable":true,"href":"https:\/\/dailynewshungary.com\/de\/wp-json\/wp\/v2\/tags?post=772240"}],"curies":[{"name":"wp","href":"https:\/\/api.w.org\/{rel}","templated":true}]}}