{"id":772241,"date":"2014-07-20T07:55:33","date_gmt":"2014-07-20T05:55:33","guid":{"rendered":"https:\/\/dailynewshungary.com\/de\/ein-starker-linker-flugel-musse-ungarn-stark-machen-sagt-der-neue-sozialistische-fuhrer\/"},"modified":"2014-07-20T07:55:33","modified_gmt":"2014-07-20T05:55:33","slug":"ein-starker-linker-flugel-musse-ungarn-stark-machen-sagt-der-neue-sozialistische-fuhrer","status":"publish","type":"post","link":"https:\/\/dailynewshungary.com\/de\/ein-starker-linker-flugel-musse-ungarn-stark-machen-sagt-der-neue-sozialistische-fuhrer\/","title":{"rendered":"Ein starker linker Fl\u00fcgel m\u00fcsse Ungarn stark machen, sagt der neue sozialistische F\u00fchrer"},"content":{"rendered":"<p><strong>(MTI) \u2013 Jozsef Tobias, der neu gew\u00e4hlte Vorsitzende der oppositionellen Sozialisten, versprach am Samstag, die Ungarische Sozialistische Partei zu st\u00e4rken und sagte, dass ein starker linker Fl\u00fcgel erforderlich sei, um Ungarn stark zu machen.<\/strong><\/p>\n<p>Tobias wurde mit Unterst\u00fctzung von 92 Prozent der Teilnehmer auf einem au\u00dferordentlichen Parteitag zur Wahl neuer Parteifunktion\u00e4re zum Vorsitzenden gew\u00e4hlt.<\/p>\n<p>Er sagte, die Partei werde selbst in der Opposition hart daran arbeiten, Ungarn zu einem besseren Ort zu machen, und pl\u00e4dierte f\u00fcr die Notwendigkeit von Freiheit, Solidarit\u00e4t und der Bek\u00e4mpfung der Armut.<\/p>\n<p>Er sagte, \u201cWetterhahnpolitik\u201d sei destruktiv und er versprach, die Partei \u201cohne pl\u00f6tzliche Wendungen\u201d und ohne \u201ceine Parade von Ideen\u201d zu f\u00fchren<\/p>\n<p>Tobias nannte die Wiedereinf\u00fchrung der rechtlichen und sozialen Sicherheit die unmittelbarsten politischen Ziele seiner Partei.<\/p>\n<blockquote>\n<p>\u201cWir wollen ein Ungarn aufbauen, in dem alle Menschen die gleiche W\u00fcrde und die gleichen Rechte haben\u201d<\/p>\n<\/blockquote>\n<p>Er sagte, die Sozialisten w\u00fcrden einen \u201eneuen Gesellschaftsvertrag\u201canbieten, der mit dem ungarischen Volk formuliert werden soll und sich am Ideal der Gleichheit und den Grunds\u00e4tzen der Freiheit, des Patriotismus und der Solidarit\u00e4t orientieren wird.<\/p>\n<p>Der Kongress w\u00e4hlte vier neue stellvertretende Vorsitzende, darunter den Europaabgeordneten Istvan Ujhelyi, den ehemaligen Staatssekret\u00e4r des Landwirtschaftsministeriums Zoltan Gogos, den Fraktionsvorsitzenden der Partei Zoltan Lukacs und den \u00f6rtlichen Parteivorsitzenden in Szekesfehervar Roland Marton. Der B\u00fcrgermeister von Szeged, Laszlo Botka, wurde zum Pr\u00e4sidenten der Nationalversammlung gew\u00e4hlt.<\/p>\n<p><em>Foto: MTI \u2013 Zsolt Szigetvary<\/em><\/p>\n","protected":false},"excerpt":{"rendered":"<p>(MTI) \u2013 Jozsef Tobias, der neu gew\u00e4hlte Vorsitzende der oppositionellen Sozialisten, versprach am Samstag, die Ungarische Sozialistische Partei zu st\u00e4rken und sagte, dass ein starker linker Fl\u00fcgel erforderlich sei, um Ungarn stark zu machen. Tobias wurde mit Unterst\u00fctzung von 92 Prozent der Teilnehmer auf einem au\u00dferordentlichen Parteitag zur Wahl neuer Parteifunktion\u00e4re zum Vorsitzenden gew\u00e4hlt. Er [&hellip;]<\/p>\n","protected":false},"author":2,"featured_media":772242,"comment_status":"open","ping_status":"open","sticky":false,"template":"","format":"standard","meta":{"_acf_changed":false,"_display_image":"","footnotes":""},"categories":[1081],"tags":[1695],"class_list":["post-772241","post","type-post","status-publish","format-standard","has-post-thumbnail","hentry","category-politik","tag-sozialisten"],"blocksy_meta":[],"acf":[],"author_username":"alk","telegram_post":"","public_post_metadata":{"breaking_news":"","important":"","csempe":"","center_tile":"","disable_thumbnail":"","target_lang":"","_featured_image_style":"","telegram_post":"","_xlat_group_id":""},"public_rank_math_data":{"title":"%title% %sep% %sitename%","description":"","focus_keyword":"","canonical_url":"","robots":"","primary_category":"1081","breadcrumb_title":"","facebook_title":"","facebook_description":"","facebook_image":"","facebook_image_id":"","twitter_title":"","twitter_description":"","twitter_image":"","twitter_image_id":"","twitter_card_type":"","twitter_use_facebook":"","advanced_robots":"","pillar_content":"","seo_score":"","contentai_score":"","rich_snippet":""},"_links":{"self":[{"href":"https:\/\/dailynewshungary.com\/de\/wp-json\/wp\/v2\/posts\/772241","targetHints":{"allow":["GET"]}}],"collection":[{"href":"https:\/\/dailynewshungary.com\/de\/wp-json\/wp\/v2\/posts"}],"about":[{"href":"https:\/\/dailynewshungary.com\/de\/wp-json\/wp\/v2\/types\/post"}],"author":[{"embeddable":true,"href":"https:\/\/dailynewshungary.com\/de\/wp-json\/wp\/v2\/users\/2"}],"replies":[{"embeddable":true,"href":"https:\/\/dailynewshungary.com\/de\/wp-json\/wp\/v2\/comments?post=772241"}],"version-history":[{"count":0,"href":"https:\/\/dailynewshungary.com\/de\/wp-json\/wp\/v2\/posts\/772241\/revisions"}],"wp:featuredmedia":[{"embeddable":true,"href":"https:\/\/dailynewshungary.com\/de\/wp-json\/wp\/v2\/media\/772242"}],"wp:attachment":[{"href":"https:\/\/dailynewshungary.com\/de\/wp-json\/wp\/v2\/media?parent=772241"}],"wp:term":[{"taxonomy":"category","embeddable":true,"href":"https:\/\/dailynewshungary.com\/de\/wp-json\/wp\/v2\/categories?post=772241"},{"taxonomy":"post_tag","embeddable":true,"href":"https:\/\/dailynewshungary.com\/de\/wp-json\/wp\/v2\/tags?post=772241"}],"curies":[{"name":"wp","href":"https:\/\/api.w.org\/{rel}","templated":true}]}}