{"id":772257,"date":"2014-07-18T14:11:08","date_gmt":"2014-07-18T12:11:08","guid":{"rendered":"https:\/\/dailynewshungary.com\/de\/orban-ausgaben-fur-frostschutzmasnahmen\/"},"modified":"2014-07-18T14:11:08","modified_gmt":"2014-07-18T12:11:08","slug":"orban-ausgaben-fur-frostschutzmasnahmen","status":"publish","type":"post","link":"https:\/\/dailynewshungary.com\/de\/orban-ausgaben-fur-frostschutzmasnahmen\/","title":{"rendered":"Orban: Ausgaben f\u00fcr Frostschutzma\u00dfnahmen"},"content":{"rendered":"<p><strong>Budapest, 18. Juli (MTI) \u2013 Der am Donnerstag angek\u00fcndigte Einfrieren der Ausgaben in H\u00f6he von 110 Milliarden Forint sei eine Vorsichtsma\u00dfnahme, sagte der Premierminister in einem Radiointerview.<\/strong><\/p>\n<p>Im Gespr\u00e4ch mit dem \u00f6ffentlich-rechtlichen Kossuth Radio sagte Vikor Orban, dass der Wirtschaftsminister Mihaly Varga den Vorschlag gemacht habe, die Ausgaben einzufrieren, um das diesj\u00e4hrige Haushaltsdefizitziel von 2,9 Prozent der Wirtschaftsleistung sicherzustellen.<\/p>\n<p>Er sagte, dass das Defizitziel zwar beibehalten werde, das Defizit jedoch an den R\u00e4ndern der 3 Prozent des BIP l\u00e4ge, die in den Vorschriften der Europ\u00e4ischen Union gefordert werden, und dass es in solchen F\u00e4llen richtig sei, dies \u201edem Land und der Welt klarzumachen\u201cDie ungarische Regierung tut alles, um das Ziel einzuhalten.<\/p>\n<p>Er sagte, die Bedeutung davon sei, dass Ungarn kontinuierlich Geld auf dem Markt beschaffen m\u00fcsse, um seine auslaufenden Schulden bedienen zu k\u00f6nnen, und es sei weder hier noch dort, welche Bedingungen daran gekn\u00fcpft seienDer Zinssatz beeinflusse, wie stabil die Gl\u00e4ubiger den Haushalt betrachtenf\u00fcgte er hinzu.<\/p>\n<p>\u201cIch denke, es besteht keine Notwendigkeit f\u00fcr das Einfrieren, aber das sind Not- und Vorsichtsma\u00dfnahmen\u201d, sagte er.<\/p>\n<p>Auf die Frage, ob es schmerzhaft sei, dass die Regierung gezwungen gewesen sei, den Bau von Fu\u00dfballstadien zur H\u00e4lfte zu \u00fcbernehmen, sagte Orban, dass diese Bauprojekte zum Gl\u00fcck durchgef\u00fchrt w\u00fcrden. Er sagte, das Einfrieren enthalte mehrere Gegenst\u00e4nde, die in diesem Jahr ohnehin nicht bezahlt worden w\u00e4ren, darunter mehrere Sportinvestitionen, aufgrund damit verbundener Verz\u00f6gerungen Diese werden auf n\u00e4chstes Jahr verschoben.<\/p>\n<p>Der Premierminister sprach auch zum Thema Universit\u00e4tskanzler, denen die Verantwortung f\u00fcr die Finanzen der Institutionen \u00fcbertragen werden soll, von denen viele inzwischen nominiert worden seien und, wie er sagte, ausnahmslos anerkannte Wirtschaftsfachleute seien. Er sagte, die ungarischen Universit\u00e4ten seien finanziell in einem sehr schlechten Zustand Mehrere wurden bereits \u00fcberpr\u00fcft und nun m\u00fcssen alle Institutionen ordnungsgem\u00e4\u00df gepr\u00fcft werden. Viele seien verschuldet und die Finanzierung sei in mehrfacher Hinsicht keine einfache Angelegenheit, sagte er und f\u00fcgte hinzu, dass die finanziellen Bedingungen, unter denen die Universit\u00e4ten operierten, auf l\u00e4ngere Sicht unhaltbar seien.<\/p>\n<p>Zum Thema Gesundheitsversorgung sagte Orban, die Regierung wolle vermeiden, dass \u201cExtra-Leistungen\u201d bezahlt werden m\u00fcssten. Einige Bereiche wie die plastische Chirurgie m\u00fcssten in dieser Hinsicht ber\u00fccksichtigt werden, sagte erDas Netzwerk der Allgemeinpraxen sei nicht stark genug, und wenn die Probleme der Krankenh\u00e4user gel\u00f6st werden sollen, dann m\u00fcssten Haus\u00e4rzte, die unter angespannten Umst\u00e4nden arbeiten, gest\u00e4rkt werden, sagte er.<\/p>\n<p>\u00dcber das Programm des neuen Pr\u00e4sidenten der Europ\u00e4ischen Kommission, Jean-Claude Juncker, sagte Orban, er und Juncker seien sich in einigen der zehn Punkte des Programms einig und w\u00fcrden \u00fcber die anderen einen Dialog f\u00fchren. Unter letzteren erw\u00e4hnte er die Einwanderung, die sie in der EU f\u00fcr \u201egut\u201chalten, sagte er\u201d. Der Premierminister sagte, dass es im Gegenteil eine \u201eschlechte Sache\u201d sei. Menschen, die ihre Heimatl\u00e4nder aufgrund wirtschaftlicher Schwierigkeiten verlassen, m\u00fcsse geholfen werden, zu Hause zu bleiben, w\u00e4hrend die echten politisch Verfolgten willkommen seien, f\u00fcgte er hinzu. Orban sagte, Europa brauche Arbeitskr\u00e4fte, und Europa sollte seine eigenen Arbeitslosen mobilisieren, anstatt Geld f\u00fcr Einwanderer auszugeben, und es sollte Bildungsprogramme finanzieren, auch f\u00fcr etwa zehn Millionen Roma in Europa.<\/p>\n<p>\u201cWenn wir \u00fcber Arbeitskr\u00e4ftereserven sprechen, dann sollten wir dar\u00fcber nachdenken und nicht beispielsweise \u00fcber Fl\u00fcchtlinge aus Afrika\u201d, sagte er.<\/p>\n<p>Er sagte, er habe mit Junker vereinbart, dass die neue Europ\u00e4ische Kommission, bevor sie ihre Arbeit aufnimmt, ein Treffen abhalten werde, um die Streitigkeiten zwischen der EU und Ungarn zu bewerten. Darunter seien das Landrecht, Fremdw\u00e4hrungskredite, billige Energie, K\u00fcrzungen der Versorgungsgeb\u00fchren, Steuern f\u00fcr multinationale Unternehmen und Banken, f\u00fcgte Orban hinzu.<\/p>\n<p>Der Premierminister bemerkte, dass Juncker nach seiner Ernennung angerufen habe, um ihm zu gratulieren. Orban sagte, er habe eine gute pers\u00f6nliche Beziehung zu Juncker und dies sei unabh\u00e4ngig davon, wie beide die Zukunft Europas sahen.<\/p>\n<p><em>Foto: MTI \u2013 Szilard Koszticsak<\/em><\/p>\n","protected":false},"excerpt":{"rendered":"<p>Budapest, 18. Juli (MTI) \u2013 Der am Donnerstag angek\u00fcndigte Einfrieren der Ausgaben in H\u00f6he von 110 Milliarden Forint sei eine Vorsichtsma\u00dfnahme, sagte der Premierminister in einem Radiointerview. Im Gespr\u00e4ch mit dem \u00f6ffentlich-rechtlichen Kossuth Radio sagte Vikor Orban, dass der Wirtschaftsminister Mihaly Varga den Vorschlag gemacht habe, die Ausgaben einzufrieren, um das diesj\u00e4hrige Haushaltsdefizitziel von 2,9 [&hellip;]<\/p>\n","protected":false},"author":2,"featured_media":772258,"comment_status":"open","ping_status":"open","sticky":false,"template":"","format":"standard","meta":{"_acf_changed":false,"_display_image":"","footnotes":""},"categories":[1081],"tags":[1128,1104],"class_list":["post-772257","post","type-post","status-publish","format-standard","has-post-thumbnail","hentry","category-politik","tag-viktor-orban","tag-wirtschaft"],"blocksy_meta":[],"acf":[],"author_username":"alk","telegram_post":"","public_post_metadata":{"breaking_news":"","important":"","csempe":"","center_tile":"","disable_thumbnail":"","target_lang":"","_featured_image_style":"","telegram_post":"","_xlat_group_id":""},"public_rank_math_data":{"title":"%title% %sep% %sitename%","description":"","focus_keyword":"","canonical_url":"","robots":"","primary_category":"1081","breadcrumb_title":"","facebook_title":"","facebook_description":"","facebook_image":"","facebook_image_id":"","twitter_title":"","twitter_description":"","twitter_image":"","twitter_image_id":"","twitter_card_type":"","twitter_use_facebook":"","advanced_robots":"","pillar_content":"","seo_score":"","contentai_score":"","rich_snippet":""},"_links":{"self":[{"href":"https:\/\/dailynewshungary.com\/de\/wp-json\/wp\/v2\/posts\/772257","targetHints":{"allow":["GET"]}}],"collection":[{"href":"https:\/\/dailynewshungary.com\/de\/wp-json\/wp\/v2\/posts"}],"about":[{"href":"https:\/\/dailynewshungary.com\/de\/wp-json\/wp\/v2\/types\/post"}],"author":[{"embeddable":true,"href":"https:\/\/dailynewshungary.com\/de\/wp-json\/wp\/v2\/users\/2"}],"replies":[{"embeddable":true,"href":"https:\/\/dailynewshungary.com\/de\/wp-json\/wp\/v2\/comments?post=772257"}],"version-history":[{"count":0,"href":"https:\/\/dailynewshungary.com\/de\/wp-json\/wp\/v2\/posts\/772257\/revisions"}],"wp:featuredmedia":[{"embeddable":true,"href":"https:\/\/dailynewshungary.com\/de\/wp-json\/wp\/v2\/media\/772258"}],"wp:attachment":[{"href":"https:\/\/dailynewshungary.com\/de\/wp-json\/wp\/v2\/media?parent=772257"}],"wp:term":[{"taxonomy":"category","embeddable":true,"href":"https:\/\/dailynewshungary.com\/de\/wp-json\/wp\/v2\/categories?post=772257"},{"taxonomy":"post_tag","embeddable":true,"href":"https:\/\/dailynewshungary.com\/de\/wp-json\/wp\/v2\/tags?post=772257"}],"curies":[{"name":"wp","href":"https:\/\/api.w.org\/{rel}","templated":true}]}}