{"id":772287,"date":"2014-07-16T10:07:16","date_gmt":"2014-07-16T08:07:16","guid":{"rendered":"https:\/\/dailynewshungary.com\/de\/der-eiserne-vorhang-wurde-wieder-aufgebaut\/"},"modified":"2014-07-16T10:07:16","modified_gmt":"2014-07-16T08:07:16","slug":"der-eiserne-vorhang-wurde-wieder-aufgebaut","status":"publish","type":"post","link":"https:\/\/dailynewshungary.com\/de\/der-eiserne-vorhang-wurde-wieder-aufgebaut\/","title":{"rendered":"Der Eiserne Vorhang wurde wieder aufgebaut"},"content":{"rendered":"<p><strong>Der EuroVelo13-Radweg Eiserner Vorhang wird durch die Linie des Eisernen Vorhangs f\u00fchren, sagt szeretlekmagyarorszag.hu.<\/strong><\/p>\n<p><a href=\"https:\/\/dailynewshungary.com\/wp-content\/uploads\/2014\/07\/iron-curtain.jpg\" data-pswp-width=\"\" data-pswp-height=\"\" data-cropped=\"true\"><img loading=\"lazy\" decoding=\"async\" class=\" wp-image-9116 alignleft\" alt=\"Eisenvorhang\" src=\"https:\/\/dailynewshungary.com\/wp-content\/uploads\/2014\/07\/iron-curtain.jpg\" width=\"239\" height=\"518\" srcset=\"https:\/\/contentf5.dailynewshungary.com\/wp-content\/uploads\/2014\/07\/iron-curtain.jpg 370w, https:\/\/contentf5.dailynewshungary.com\/wp-content\/uploads\/2014\/07\/iron-curtain-138x300.jpg 138w\" sizes=\"auto, (max-width: 239px) 100vw, 239px\"><\/a>Der Weg durchquert 20 L\u00e4nder, 15 davon sind Mitglieder der Europ\u00e4ischen Union Seine L\u00e4nge betr\u00e4gt 10 400 km Diese Gebiete wurden aufgegeben, aber man sieht in der N\u00e4he der Grenzen viel Interessantes, wenn man die ganze Strecke f\u00e4hrt, bekommt man das Gef\u00fchl der Kultur, K\u00fcche, Architektur und Umweltf\u00e4higkeit der L\u00e4nder.<\/p>\n<p>Nach szeretlekmagyarorszag.hu wird EuroVelo Ungarn in der S\u00fcdwestgrenze durchqueren, es wird Anschluss an den slowenischen, \u00f6sterreichischen, serbischen und kroatischen Abschnitt finden, in den oberen Abschnitten kommt die Entwicklung gut voran, aber Infrastruktur wird geplant und zum Weg im S\u00fcden umgestaltet, der Radweg muss den europ\u00e4ischen Standards angemessen sein F\u00fcr die Ausweisung der Strecke war es ein Aspekt, dass Geb\u00e4ude, die die Orte und den Bau des Eisernen Vorhangs darstellen, in der N\u00e4he von EuroVelo stehen m\u00fcssen.<\/p>\n<p>Die Er\u00f6ffnung der ungarischen Sektion findet am 19. August statt. F\u00fcr diese Veranstaltung wird auch eine Radtour organisiert. Sie k\u00f6nnen sich auch daf\u00fcr bewerben <a href=\"https:\/\/docs.google.com\/forms\/d\/1NjFOAjSZcwqBhl746RUTJH6erQZWLdT8UVeIm1qNEUo\/viewform\" target=\"_blank\" rel=\"noopener\">HIER<\/a>.<\/p>\n<p><em>Auf Grund des Artikels des <a href=\"http:\/\/www.szeretlekmagyarorszag.hu\/ujra-epul-a-vasfuggony\" target=\"_blank\" rel=\"noopener\">szeretlekmagyarorszag.hu<\/a><\/em><br \/>\n<em>\u00dcbersetzt von Becsi<\/em><\/p>\n<p><em>Foto: http:\/\/www.eurovelo13.com\/<\/em><\/p>\n","protected":false},"excerpt":{"rendered":"<p>Der EuroVelo13-Radweg Eiserner Vorhang wird durch die Linie des Eisernen Vorhangs f\u00fchren, sagt szeretlekmagyarorszag.hu. Der Weg durchquert 20 L\u00e4nder, 15 davon sind Mitglieder der Europ\u00e4ischen Union Seine L\u00e4nge betr\u00e4gt 10 400 km Diese Gebiete wurden aufgegeben, aber man sieht in der N\u00e4he der Grenzen viel Interessantes, wenn man die ganze Strecke f\u00e4hrt, bekommt man das [&hellip;]<\/p>\n","protected":false},"author":2,"featured_media":772288,"comment_status":"open","ping_status":"open","sticky":false,"template":"","format":"standard","meta":{"_acf_changed":false,"_display_image":"","footnotes":""},"categories":[1219],"tags":[1125],"class_list":["post-772287","post","type-post","status-publish","format-standard","has-post-thumbnail","hentry","category-sport","tag-geschichte"],"blocksy_meta":[],"acf":[],"author_username":"alk","telegram_post":"","public_post_metadata":{"breaking_news":"","important":"","csempe":"","center_tile":"","disable_thumbnail":"","target_lang":"","_featured_image_style":"","telegram_post":"","_xlat_group_id":""},"public_rank_math_data":{"title":"%title% %sep% %sitename%","description":"","focus_keyword":"","canonical_url":"","robots":"","primary_category":"1219","breadcrumb_title":"","facebook_title":"","facebook_description":"","facebook_image":"","facebook_image_id":"","twitter_title":"","twitter_description":"","twitter_image":"","twitter_image_id":"","twitter_card_type":"","twitter_use_facebook":"","advanced_robots":"","pillar_content":"","seo_score":"","contentai_score":"","rich_snippet":""},"_links":{"self":[{"href":"https:\/\/dailynewshungary.com\/de\/wp-json\/wp\/v2\/posts\/772287","targetHints":{"allow":["GET"]}}],"collection":[{"href":"https:\/\/dailynewshungary.com\/de\/wp-json\/wp\/v2\/posts"}],"about":[{"href":"https:\/\/dailynewshungary.com\/de\/wp-json\/wp\/v2\/types\/post"}],"author":[{"embeddable":true,"href":"https:\/\/dailynewshungary.com\/de\/wp-json\/wp\/v2\/users\/2"}],"replies":[{"embeddable":true,"href":"https:\/\/dailynewshungary.com\/de\/wp-json\/wp\/v2\/comments?post=772287"}],"version-history":[{"count":0,"href":"https:\/\/dailynewshungary.com\/de\/wp-json\/wp\/v2\/posts\/772287\/revisions"}],"wp:featuredmedia":[{"embeddable":true,"href":"https:\/\/dailynewshungary.com\/de\/wp-json\/wp\/v2\/media\/772288"}],"wp:attachment":[{"href":"https:\/\/dailynewshungary.com\/de\/wp-json\/wp\/v2\/media?parent=772287"}],"wp:term":[{"taxonomy":"category","embeddable":true,"href":"https:\/\/dailynewshungary.com\/de\/wp-json\/wp\/v2\/categories?post=772287"},{"taxonomy":"post_tag","embeddable":true,"href":"https:\/\/dailynewshungary.com\/de\/wp-json\/wp\/v2\/tags?post=772287"}],"curies":[{"name":"wp","href":"https:\/\/api.w.org\/{rel}","templated":true}]}}