{"id":772355,"date":"2014-07-10T16:13:41","date_gmt":"2014-07-10T14:13:41","guid":{"rendered":"https:\/\/dailynewshungary.com\/de\/jobbik-treibt-vorschlage-zur-eindammung-der-abwanderung-von-ungarn-voran\/"},"modified":"2014-07-10T16:13:41","modified_gmt":"2014-07-10T14:13:41","slug":"jobbik-treibt-vorschlage-zur-eindammung-der-abwanderung-von-ungarn-voran","status":"publish","type":"post","link":"https:\/\/dailynewshungary.com\/de\/jobbik-treibt-vorschlage-zur-eindammung-der-abwanderung-von-ungarn-voran\/","title":{"rendered":"Jobbik treibt Vorschl\u00e4ge zur Eind\u00e4mmung der Abwanderung von Ungarn voran"},"content":{"rendered":"<p><strong>Budapest, 10. Juli (MTI) \u2013 Die Bew\u00e4ltigung der Abwanderung von Ungarn ins Ausland sollte oberste Priorit\u00e4t haben, doch die Regierung hat es vers\u00e4umt, das Problem anzugehen, sagte ein Jobbik-Gesetzgeber.<\/strong><\/p>\n<p>Es sei bedauerlich, dass kein Staatssekret\u00e4r ernannt worden sei, der sich mit der Angelegenheit befassen solle, und dass das Parlament es vers\u00e4umt habe, sich mit dem Problem zu befassen, sagte Jobbiks stellvertretender Fraktionsvorsitzender Gergely Farkas am Donnerstag auf einer Pressekonferenz.<\/p>\n<p>J\u00fcngste Umfragen deuten darauf hin, dass die H\u00e4lfte der 18-39-J\u00e4hrigen erw\u00e4gt, f\u00fcr k\u00fcrzere oder l\u00e4ngere Zeitr\u00e4ume auszuwandern, sagte er und f\u00fcgte hinzu, es sei alarmierend, dass Ungarn, die sich bereits im Ausland befanden, nicht vorhatten, zur\u00fcckzukehren.<\/p>\n<p>Farkas dr\u00e4ngte auf die Bildung eines parlamentarischen Ad-hoc-Ausschusses sowie auf die Einberufung einer Parlamentssitzung zur Debatte \u00fcber das Thema. Dar\u00fcber hinaus sollte die \u00d6ffentlichkeit angemessen auf das Problem aufmerksam gemacht werden, sagte er.<\/p>\n<p>Als L\u00f6sungsm\u00f6glichkeiten nannte der Politiker den sozialen Wohnungsbau, die Schaffung echter Arbeitspl\u00e4tze, die Jugendpolitik und die Erh\u00f6hung der Quoten f\u00fcr staatlich finanzierte Studienpl\u00e4tze.<\/p>\n<p>Jobbik wird vor Beginn der Herbstsitzung des Parlaments seine eigenen L\u00f6sungen vorstellen. Die Partei werde auf schnelle Exekutivma\u00dfnahmen dr\u00e4ngen, um sicherzustellen, dass die in Ungarn lebenden Menschen hier bleiben und ungarische Auswanderer nach Hause zur\u00fcckkehren, sagte Farkas.<\/p>\n<p><em>Foto:&nbsp;<a href=\"http:\/\/www.erdon.ro\/unios-munkavallalas-die-welt-katasztrofat-okoz-az-elvandorlas-kelet-europaban-2\/2471785\" data-ved=\"0CAQQjB0\" target=\"_blank\" rel=\"noopener\">www.erdon.ro<\/a><\/em><\/p>\n","protected":false},"excerpt":{"rendered":"<p>Budapest, 10. Juli (MTI) \u2013 Die Bew\u00e4ltigung der Abwanderung von Ungarn ins Ausland sollte oberste Priorit\u00e4t haben, doch die Regierung hat es vers\u00e4umt, das Problem anzugehen, sagte ein Jobbik-Gesetzgeber. Es sei bedauerlich, dass kein Staatssekret\u00e4r ernannt worden sei, der sich mit der Angelegenheit befassen solle, und dass das Parlament es vers\u00e4umt habe, sich mit dem [&hellip;]<\/p>\n","protected":false},"author":2,"featured_media":772356,"comment_status":"open","ping_status":"open","sticky":false,"template":"","format":"standard","meta":{"_acf_changed":false,"_display_image":"","footnotes":""},"categories":[1081],"tags":[1632],"class_list":["post-772355","post","type-post","status-publish","format-standard","has-post-thumbnail","hentry","category-politik","tag-jobbik"],"blocksy_meta":[],"acf":[],"author_username":"alk","telegram_post":"","public_post_metadata":{"breaking_news":"","important":"","csempe":"","center_tile":"","disable_thumbnail":"","target_lang":"","_featured_image_style":"","telegram_post":"","_xlat_group_id":""},"public_rank_math_data":{"title":"%title% %sep% %sitename%","description":"","focus_keyword":"","canonical_url":"","robots":"","primary_category":"1081","breadcrumb_title":"","facebook_title":"","facebook_description":"","facebook_image":"","facebook_image_id":"","twitter_title":"","twitter_description":"","twitter_image":"","twitter_image_id":"","twitter_card_type":"","twitter_use_facebook":"","advanced_robots":"","pillar_content":"","seo_score":"","contentai_score":"","rich_snippet":""},"_links":{"self":[{"href":"https:\/\/dailynewshungary.com\/de\/wp-json\/wp\/v2\/posts\/772355","targetHints":{"allow":["GET"]}}],"collection":[{"href":"https:\/\/dailynewshungary.com\/de\/wp-json\/wp\/v2\/posts"}],"about":[{"href":"https:\/\/dailynewshungary.com\/de\/wp-json\/wp\/v2\/types\/post"}],"author":[{"embeddable":true,"href":"https:\/\/dailynewshungary.com\/de\/wp-json\/wp\/v2\/users\/2"}],"replies":[{"embeddable":true,"href":"https:\/\/dailynewshungary.com\/de\/wp-json\/wp\/v2\/comments?post=772355"}],"version-history":[{"count":0,"href":"https:\/\/dailynewshungary.com\/de\/wp-json\/wp\/v2\/posts\/772355\/revisions"}],"wp:featuredmedia":[{"embeddable":true,"href":"https:\/\/dailynewshungary.com\/de\/wp-json\/wp\/v2\/media\/772356"}],"wp:attachment":[{"href":"https:\/\/dailynewshungary.com\/de\/wp-json\/wp\/v2\/media?parent=772355"}],"wp:term":[{"taxonomy":"category","embeddable":true,"href":"https:\/\/dailynewshungary.com\/de\/wp-json\/wp\/v2\/categories?post=772355"},{"taxonomy":"post_tag","embeddable":true,"href":"https:\/\/dailynewshungary.com\/de\/wp-json\/wp\/v2\/tags?post=772355"}],"curies":[{"name":"wp","href":"https:\/\/api.w.org\/{rel}","templated":true}]}}