{"id":772369,"date":"2014-07-09T15:39:16","date_gmt":"2014-07-09T13:39:16","guid":{"rendered":"https:\/\/dailynewshungary.com\/de\/mininstry-setzt-offentliche-unternehmensvertrage-fur-den-sommer-aus\/"},"modified":"2014-07-09T15:39:16","modified_gmt":"2014-07-09T13:39:16","slug":"mininstry-setzt-offentliche-unternehmensvertrage-fur-den-sommer-aus","status":"publish","type":"post","link":"https:\/\/dailynewshungary.com\/de\/mininstry-setzt-offentliche-unternehmensvertrage-fur-den-sommer-aus\/","title":{"rendered":"Mininstry setzt \u00f6ffentliche Unternehmensvertr\u00e4ge f\u00fcr den Sommer aus"},"content":{"rendered":"<div>\n<p><strong>(MTI) \u2013 Das Nationale Entwicklungsministerium wird im Sommer eine Pr\u00fcfung der von ihm beaufsichtigten Staatsunternehmen abschlie\u00dfen und alle Vertr\u00e4ge aussetzen, die f\u00fcr den t\u00e4glichen Betrieb nicht erforderlich sind, teilte das Ministerium am Dienstag in einer Erkl\u00e4rung mit.<\/strong><\/p>\n<p>Die Online-Zeitung Index.hu berichtete fr\u00fcher am Tag, dass Miklos Sesztak, der Entwicklungsminister, ein Memo an Unternehmen verschickt habe, die jegliche Vertragsabschl\u00fcsse einstellen.<\/p>\n<p>In der Erkl\u00e4rung des Ministeriums hie\u00df es, das Verbot neuer Vertr\u00e4ge werde voraussichtlich im Juli und August in Kraft bleiben Vertr\u00e4ge, die nicht am regul\u00e4ren, t\u00e4glichen Betrieb beteiligt sind, k\u00f6nnen weiterhin unterzeichnet werden, allerdings nur nach Genehmigung durch den Minister und den zust\u00e4ndigen Staatssekret\u00e4r, hei\u00dft es in der Erkl\u00e4rung weiter.<\/p>\n<p>Die Aussetzung werde \u00f6ffentliche Unternehmen daran hindern, Verpflichtungen einzugehen, deren Kontrolle sich als schwierig oder teuer erweisen k\u00f6nnte, hei\u00dft es in der Erkl\u00e4rung weiter.<\/p>\n<\/div>\n<p><em>Foto:&nbsp;<a href=\"http:\/\/www.fidesz.hu\/hirek\/?tags=1142\" data-ved=\"0CAQQjB0\" target=\"_blank\" rel=\"noopener\">www.fidesz.hu<\/a><\/em><\/p>\n","protected":false},"excerpt":{"rendered":"<p>(MTI) \u2013 Das Nationale Entwicklungsministerium wird im Sommer eine Pr\u00fcfung der von ihm beaufsichtigten Staatsunternehmen abschlie\u00dfen und alle Vertr\u00e4ge aussetzen, die f\u00fcr den t\u00e4glichen Betrieb nicht erforderlich sind, teilte das Ministerium am Dienstag in einer Erkl\u00e4rung mit. Die Online-Zeitung Index.hu berichtete fr\u00fcher am Tag, dass Miklos Sesztak, der Entwicklungsminister, ein Memo an Unternehmen verschickt habe, [&hellip;]<\/p>\n","protected":false},"author":2,"featured_media":772370,"comment_status":"open","ping_status":"open","sticky":false,"template":"","format":"standard","meta":{"_acf_changed":false,"_display_image":"","footnotes":""},"categories":[1081],"tags":[1066],"class_list":["post-772369","post","type-post","status-publish","format-standard","has-post-thumbnail","hentry","category-politik","tag-hungary"],"blocksy_meta":[],"acf":[],"author_username":"alk","telegram_post":"","public_post_metadata":{"breaking_news":"","important":"","csempe":"","center_tile":"","disable_thumbnail":"","target_lang":"","_featured_image_style":"","telegram_post":"","_xlat_group_id":""},"public_rank_math_data":{"title":"%title% %sep% %sitename%","description":"","focus_keyword":"","canonical_url":"","robots":"","primary_category":"1081","breadcrumb_title":"","facebook_title":"","facebook_description":"","facebook_image":"","facebook_image_id":"","twitter_title":"","twitter_description":"","twitter_image":"","twitter_image_id":"","twitter_card_type":"","twitter_use_facebook":"","advanced_robots":"","pillar_content":"","seo_score":"","contentai_score":"","rich_snippet":""},"_links":{"self":[{"href":"https:\/\/dailynewshungary.com\/de\/wp-json\/wp\/v2\/posts\/772369","targetHints":{"allow":["GET"]}}],"collection":[{"href":"https:\/\/dailynewshungary.com\/de\/wp-json\/wp\/v2\/posts"}],"about":[{"href":"https:\/\/dailynewshungary.com\/de\/wp-json\/wp\/v2\/types\/post"}],"author":[{"embeddable":true,"href":"https:\/\/dailynewshungary.com\/de\/wp-json\/wp\/v2\/users\/2"}],"replies":[{"embeddable":true,"href":"https:\/\/dailynewshungary.com\/de\/wp-json\/wp\/v2\/comments?post=772369"}],"version-history":[{"count":0,"href":"https:\/\/dailynewshungary.com\/de\/wp-json\/wp\/v2\/posts\/772369\/revisions"}],"wp:featuredmedia":[{"embeddable":true,"href":"https:\/\/dailynewshungary.com\/de\/wp-json\/wp\/v2\/media\/772370"}],"wp:attachment":[{"href":"https:\/\/dailynewshungary.com\/de\/wp-json\/wp\/v2\/media?parent=772369"}],"wp:term":[{"taxonomy":"category","embeddable":true,"href":"https:\/\/dailynewshungary.com\/de\/wp-json\/wp\/v2\/categories?post=772369"},{"taxonomy":"post_tag","embeddable":true,"href":"https:\/\/dailynewshungary.com\/de\/wp-json\/wp\/v2\/tags?post=772369"}],"curies":[{"name":"wp","href":"https:\/\/api.w.org\/{rel}","templated":true}]}}