{"id":772379,"date":"2014-07-08T20:19:40","date_gmt":"2014-07-08T18:19:40","guid":{"rendered":"https:\/\/dailynewshungary.com\/de\/sprache-hilft-bei-der-forderung-der-nation-sagt-der-stellvertretende-premierminister\/"},"modified":"2014-07-08T20:19:40","modified_gmt":"2014-07-08T18:19:40","slug":"sprache-hilft-bei-der-forderung-der-nation-sagt-der-stellvertretende-premierminister","status":"publish","type":"post","link":"https:\/\/dailynewshungary.com\/de\/sprache-hilft-bei-der-forderung-der-nation-sagt-der-stellvertretende-premierminister\/","title":{"rendered":"Sprache hilft bei der F\u00f6rderung der Nation, sagt der stellvertretende Premierminister"},"content":{"rendered":"<p><strong>Budapest, 8. Juli (MTI) \u2013 Zsolt Semjen, der stellvertretende Ministerpr\u00e4sident, der f\u00fcr ungarische Gemeinden im Ausland zust\u00e4ndig ist, betonte die Rolle der ungarischen Sprache bei der heutigen F\u00f6rderung der Nation.<\/strong><\/p>\n<p><a href=\"https:\/\/dailynewshungary.com\/wp-content\/uploads\/2014\/07\/semj\u00e9n1.jpg\" data-pswp-width=\"\" data-pswp-height=\"\" data-cropped=\"true\"><img loading=\"lazy\" decoding=\"async\" class=\" wp-image-8973 alignleft\" alt=\"Semj\u00e9n\" src=\"https:\/\/dailynewshungary.com\/wp-content\/uploads\/2014\/07\/semj\u00e9n1.jpg\" width=\"191\" height=\"288\" srcset=\"https:\/\/contentf5.dailynewshungary.com\/wp-content\/uploads\/2014\/07\/semj\u00e9n1.jpg 399w, https:\/\/contentf5.dailynewshungary.com\/wp-content\/uploads\/2014\/07\/semj\u00e9n1-199x300.jpg 199w\" sizes=\"auto, (max-width: 191px) 100vw, 191px\"><\/a>\u201eDie ungarische Sprache ist sowohl f\u00fcr den Einzelnen als auch f\u00fcr die gesamte Nation von entscheidender Bedeutung, und seit dem [fr\u00fchen 19. Jahrhundert] Zeitalter der Reformen ist klar, dass es einen engen Zusammenhang zwischen der St\u00e4rke der ungarischen Nation und dem Gedeihen ihrer Sprache gibt.\u201c\u201d, sagte Semjen und er\u00f6ffnete die Ungarische Sommeruniversit\u00e4t der ELTE f\u00fcr das Karpatenbecken in Budapest.<\/p>\n<p>\u201cEgal, in welchem Land uns der Sturm der Geschichte erfasst hat, wir sprechen dieselbe Sprache, geh\u00f6ren derselben Kulturgemeinschaft an und haben das gleiche Schicksal\u201d, sagte er.<\/p>\n<p>Der ungarische Staat habe das Ziel und die Pflicht, das \u00dcberleben und den Wohlstand der Nation zu gew\u00e4hrleisten, sagte Semjen.<\/p>\n<p>Der stellvertretende Ministerpr\u00e4sident sprach \u00fcber die Ma\u00dfnahmen der Regierung zur F\u00f6rderung der Wiedervereinigung der Nation im \u00f6ffentlichen Recht, einschlie\u00dflich der Einf\u00fchrung des beschleunigten Staatsb\u00fcrgerschaftsverfahrens.<\/p>\n<p>Die zum 20. Mal durchgef\u00fchrte sechst\u00e4gige Sommeruniversit\u00e4t wird von 155 ungarischen Studenten aus dem Ausland besucht, 25 Prozent mehr als im Vorjahr, die meisten von ihnen kamen aus Rum\u00e4nien, der Ukraine und Serbien.<\/p>\n<p><em>Foto: MTI \u2013 Zsolt Szigetvary<\/em><\/p>\n","protected":false},"excerpt":{"rendered":"<p>Budapest, 8. Juli (MTI) \u2013 Zsolt Semjen, der stellvertretende Ministerpr\u00e4sident, der f\u00fcr ungarische Gemeinden im Ausland zust\u00e4ndig ist, betonte die Rolle der ungarischen Sprache bei der heutigen F\u00f6rderung der Nation. \u201eDie ungarische Sprache ist sowohl f\u00fcr den Einzelnen als auch f\u00fcr die gesamte Nation von entscheidender Bedeutung, und seit dem [fr\u00fchen 19. Jahrhundert] Zeitalter der [&hellip;]<\/p>\n","protected":false},"author":2,"featured_media":772380,"comment_status":"open","ping_status":"open","sticky":false,"template":"","format":"standard","meta":{"_acf_changed":false,"_display_image":"","footnotes":""},"categories":[1098],"tags":[1066],"class_list":["post-772379","post","type-post","status-publish","format-standard","has-post-thumbnail","hentry","category-gesellschaft","tag-hungary"],"blocksy_meta":[],"acf":[],"author_username":"alk","telegram_post":"","public_post_metadata":{"breaking_news":"","important":"","csempe":"","center_tile":"","disable_thumbnail":"","target_lang":"","_featured_image_style":"","telegram_post":"","_xlat_group_id":""},"public_rank_math_data":{"title":"%title% %sep% %sitename%","description":"","focus_keyword":"","canonical_url":"","robots":"","primary_category":"1098","breadcrumb_title":"","facebook_title":"","facebook_description":"","facebook_image":"","facebook_image_id":"","twitter_title":"","twitter_description":"","twitter_image":"","twitter_image_id":"","twitter_card_type":"","twitter_use_facebook":"","advanced_robots":"","pillar_content":"","seo_score":"","contentai_score":"","rich_snippet":""},"_links":{"self":[{"href":"https:\/\/dailynewshungary.com\/de\/wp-json\/wp\/v2\/posts\/772379","targetHints":{"allow":["GET"]}}],"collection":[{"href":"https:\/\/dailynewshungary.com\/de\/wp-json\/wp\/v2\/posts"}],"about":[{"href":"https:\/\/dailynewshungary.com\/de\/wp-json\/wp\/v2\/types\/post"}],"author":[{"embeddable":true,"href":"https:\/\/dailynewshungary.com\/de\/wp-json\/wp\/v2\/users\/2"}],"replies":[{"embeddable":true,"href":"https:\/\/dailynewshungary.com\/de\/wp-json\/wp\/v2\/comments?post=772379"}],"version-history":[{"count":0,"href":"https:\/\/dailynewshungary.com\/de\/wp-json\/wp\/v2\/posts\/772379\/revisions"}],"wp:featuredmedia":[{"embeddable":true,"href":"https:\/\/dailynewshungary.com\/de\/wp-json\/wp\/v2\/media\/772380"}],"wp:attachment":[{"href":"https:\/\/dailynewshungary.com\/de\/wp-json\/wp\/v2\/media?parent=772379"}],"wp:term":[{"taxonomy":"category","embeddable":true,"href":"https:\/\/dailynewshungary.com\/de\/wp-json\/wp\/v2\/categories?post=772379"},{"taxonomy":"post_tag","embeddable":true,"href":"https:\/\/dailynewshungary.com\/de\/wp-json\/wp\/v2\/tags?post=772379"}],"curies":[{"name":"wp","href":"https:\/\/api.w.org\/{rel}","templated":true}]}}