{"id":772385,"date":"2014-07-08T14:18:25","date_gmt":"2014-07-08T12:18:25","guid":{"rendered":"https:\/\/dailynewshungary.com\/de\/navracsics-balassi-institut-wichtig-fur-die-forderung-des-images-ungarns\/"},"modified":"2014-07-08T14:18:25","modified_gmt":"2014-07-08T12:18:25","slug":"navracsics-balassi-institut-wichtig-fur-die-forderung-des-images-ungarns","status":"publish","type":"post","link":"https:\/\/dailynewshungary.com\/de\/navracsics-balassi-institut-wichtig-fur-die-forderung-des-images-ungarns\/","title":{"rendered":"Navracsics: Balassi-Institut wichtig f\u00fcr die F\u00f6rderung des Images Ungarns"},"content":{"rendered":"<p><strong>Budapest, 8. Juli (MTI) \u2013 Das Balassi-Institut und seine unterst\u00fctzenden Institutionen spielen eine wichtige Rolle bei der Gestaltung des Bildes Ungarns im Ausland, sagte der Minister f\u00fcr ausw\u00e4rtige Angelegenheiten und Handel heute.<\/strong><\/p>\n<p>Navracsics sagte einem Treffen von Direktoren ungarischer Institutionen im Ausland, dass es eine neue Mission sei, die vor einigen Jahren geschaffen wurde, um Ungarn als innovatives, kreatives und offenes Land zu pr\u00e4sentieren Neben der Pr\u00e4sentation der traditionellen ungarischen Kultur wurden Anstrengungen unternommen, um diese andere Seite Ungarns hervorzuheben, und es wurden viele Fortschritte erzielt, sagte er.<\/p>\n<p>Um zu zeigen, dass Ungarn ein Land talentierter, junger und offener Menschen mit Unternehmergeist ist, sei es notwendig, die richtigen Personen zu finden, um dieses Image zu f\u00f6rdern, sagte er.<\/p>\n<p>Die Staatssekret\u00e4rin f\u00fcr Kulturdiplomatie, Monika Balatoni, betonte die Notwendigkeit zu zeigen, dass die Ungarn stolz auf ihre Vorfahren seien, aber neben der Erinnerung an die Vergangenheit und dem Lernen daraus werde auch ein neues Image aufgebaut.<\/p>\n<p>Der Minister f\u00fcr Humanressourcen Zoltan Balog sagte dem Treffen, dass das Ministerium f\u00fcr ausw\u00e4rtige Angelegenheiten und Handel zu einem strategischen Punkt werden w\u00fcrde, der Ungarn und seine Kultur im Ausland repr\u00e4sentiertDie Integration des Netzwerks des Balassi-Instituts in das System der ungarischen Au\u00dfenvertretungsb\u00fcros sei Teil dieses Prozesses, f\u00fcgte er hinzu.<\/p>\n<p><a href=\"https:\/\/dailynewshungary.com\/wp-content\/uploads\/2014\/07\/Download-12.jpg\" data-pswp-width=\"\" data-pswp-height=\"\" data-cropped=\"true\"><img loading=\"lazy\" decoding=\"async\" class=\"size-full wp-image-8968 aligncenter\" alt=\"Herunterladen (12)\" src=\"https:\/\/dailynewshungary.com\/wp-content\/uploads\/2014\/07\/Download-12.jpg\" width=\"600\" height=\"399\" srcset=\"https:\/\/contentf5.dailynewshungary.com\/wp-content\/uploads\/2014\/07\/Download-12.jpg 600w, https:\/\/contentf5.dailynewshungary.com\/wp-content\/uploads\/2014\/07\/Download-12-300x200.jpg 300w\" sizes=\"auto, (max-width: 600px) 100vw, 600px\"><\/a><\/p>\n<p>\u201cDie Werte der ungarischen Kultur m\u00fcssen im Ausland mit Mitteln des 21. Jahrhunderts pr\u00e4sentiert werden, einschlie\u00dflich Multimedia und Digitalisierung\u201d, sagte er.<\/p>\n<p>Das Netzwerk der ungarischen Institutionen im Ausland des Balassi-Instituts hat sich im vergangenen Jahr um vier neue Einheiten erweitert, nach Peking, Istanbul und Zagreb er\u00f6ffnete am 1. Juli ein neues Institut in Belgrad, derzeit sind 23 ungarische Institute in 20 L\u00e4ndern der Welt t\u00e4tig.<\/p>\n<p><em>Foto: MTI \u2013 Szilard Koszticsak<\/em><\/p>\n","protected":false},"excerpt":{"rendered":"<p>Budapest, 8. Juli (MTI) \u2013 Das Balassi-Institut und seine unterst\u00fctzenden Institutionen spielen eine wichtige Rolle bei der Gestaltung des Bildes Ungarns im Ausland, sagte der Minister f\u00fcr ausw\u00e4rtige Angelegenheiten und Handel heute. Navracsics sagte einem Treffen von Direktoren ungarischer Institutionen im Ausland, dass es eine neue Mission sei, die vor einigen Jahren geschaffen wurde, um [&hellip;]<\/p>\n","protected":false},"author":2,"featured_media":772386,"comment_status":"open","ping_status":"open","sticky":false,"template":"","format":"standard","meta":{"_acf_changed":false,"_display_image":"","footnotes":""},"categories":[1151],"tags":[1066],"class_list":["post-772385","post","type-post","status-publish","format-standard","has-post-thumbnail","hentry","category-kulturen","tag-hungary"],"blocksy_meta":[],"acf":[],"author_username":"alk","telegram_post":"","public_post_metadata":{"breaking_news":"","important":"","csempe":"","center_tile":"","disable_thumbnail":"","target_lang":"","_featured_image_style":"","telegram_post":"","_xlat_group_id":""},"public_rank_math_data":{"title":"%title% %sep% %sitename%","description":"","focus_keyword":"","canonical_url":"","robots":"","primary_category":"1151","breadcrumb_title":"","facebook_title":"","facebook_description":"","facebook_image":"","facebook_image_id":"","twitter_title":"","twitter_description":"","twitter_image":"","twitter_image_id":"","twitter_card_type":"","twitter_use_facebook":"","advanced_robots":"","pillar_content":"","seo_score":"","contentai_score":"","rich_snippet":""},"_links":{"self":[{"href":"https:\/\/dailynewshungary.com\/de\/wp-json\/wp\/v2\/posts\/772385","targetHints":{"allow":["GET"]}}],"collection":[{"href":"https:\/\/dailynewshungary.com\/de\/wp-json\/wp\/v2\/posts"}],"about":[{"href":"https:\/\/dailynewshungary.com\/de\/wp-json\/wp\/v2\/types\/post"}],"author":[{"embeddable":true,"href":"https:\/\/dailynewshungary.com\/de\/wp-json\/wp\/v2\/users\/2"}],"replies":[{"embeddable":true,"href":"https:\/\/dailynewshungary.com\/de\/wp-json\/wp\/v2\/comments?post=772385"}],"version-history":[{"count":0,"href":"https:\/\/dailynewshungary.com\/de\/wp-json\/wp\/v2\/posts\/772385\/revisions"}],"wp:featuredmedia":[{"embeddable":true,"href":"https:\/\/dailynewshungary.com\/de\/wp-json\/wp\/v2\/media\/772386"}],"wp:attachment":[{"href":"https:\/\/dailynewshungary.com\/de\/wp-json\/wp\/v2\/media?parent=772385"}],"wp:term":[{"taxonomy":"category","embeddable":true,"href":"https:\/\/dailynewshungary.com\/de\/wp-json\/wp\/v2\/categories?post=772385"},{"taxonomy":"post_tag","embeddable":true,"href":"https:\/\/dailynewshungary.com\/de\/wp-json\/wp\/v2\/tags?post=772385"}],"curies":[{"name":"wp","href":"https:\/\/api.w.org\/{rel}","templated":true}]}}