{"id":772403,"date":"2014-07-07T08:02:07","date_gmt":"2014-07-07T06:02:07","guid":{"rendered":"https:\/\/dailynewshungary.com\/de\/anthrax-ausbruch-gut-gemanagt-sagt-landwirtschaftsminister\/"},"modified":"2014-07-07T08:02:07","modified_gmt":"2014-07-07T06:02:07","slug":"anthrax-ausbruch-gut-gemanagt-sagt-landwirtschaftsminister","status":"publish","type":"post","link":"https:\/\/dailynewshungary.com\/de\/anthrax-ausbruch-gut-gemanagt-sagt-landwirtschaftsminister\/","title":{"rendered":"Anthrax-Ausbruch gut gemanagt, sagt Landwirtschaftsminister"},"content":{"rendered":"<p><strong>(MTI) \u2013 Beamte haben einen Anthrax-Ausbruch in Ostungarn gut gemeistert, sagte der Agrarminister am Samstag.<\/strong><\/p>\n<p><span style=\"color: #ff0000;\">Verwandter Beitrag:&nbsp;<a href=\"https:\/\/dailynewshungary.com\/de\/funf-menschen-die-mit-einer-anthrax-infektion-ins-krankenhaus-eingeliefert-wurden-in-ungarn\/\" target=\"_blank\"><span style=\"color: #ff0000;\">F\u00fcnf Menschen, die mit einer Anthrax-Infektion ins Krankenhaus eingeliefert wurden, in Ungarn<\/span><\/a>&nbsp;<\/span><\/p>\n<p>Sandor Fazekas sagte Journalisten, dass die Beamten in der Angelegenheit mit angemessener Entschlossenheit und Expertenverst\u00e4ndnis gehandelt h\u00e4tten. Er sagte, dass Ermittlungen der Polizei und Experten im Gange seien, um die genaue Ursache des Ausbruchs zu ermitteln und herauszufinden, wer daf\u00fcr verantwortlich sei.<\/p>\n<p>Es wird angenommen, dass der Fall mit der illegalen Schlachtung von zwei Rindern auf einem Bauernhof zusammenh\u00e4ngt, teilten die nationalen Gesundheits &#8211; und Lebensmittelsicherheitsbeh\u00f6rden MTI am Freitag mitEin Teil des Fleisches wurde vor Ort verwendet, und der Rest wurde an ein Unternehmen geliefert, das Kantinen betreibt, sagten sie.<\/p>\n<p>Acht Menschen werden im Krankenhaus behandelt und etwa 50 erhalten nach dem Ausbruch in Tiszafured vorsorglich Antibiotika, teilte der Chefarzt des Kreises Jasz-Nagykun-Szolnok am Samstag mit.<\/p>\n<p>Das Landwirtschaftsministerium teilte MTI am Freitag mit, dass die zust\u00e4ndigen Beh\u00f6rden alle erforderlichen Ma\u00dfnahmen rechtzeitig durchgef\u00fchrt h\u00e4tten, um sicherzustellen, dass sich infizierte Rinder und Fleisch davon nicht ausbreiten.<\/p>\n<p><em>Foto: MTI \u2013 Janos Meszaros<\/em><\/p>\n","protected":false},"excerpt":{"rendered":"<p>(MTI) \u2013 Beamte haben einen Anthrax-Ausbruch in Ostungarn gut gemeistert, sagte der Agrarminister am Samstag. Verwandter Beitrag:&nbsp;F\u00fcnf Menschen, die mit einer Anthrax-Infektion ins Krankenhaus eingeliefert wurden, in Ungarn&nbsp; Sandor Fazekas sagte Journalisten, dass die Beamten in der Angelegenheit mit angemessener Entschlossenheit und Expertenverst\u00e4ndnis gehandelt h\u00e4tten. Er sagte, dass Ermittlungen der Polizei und Experten im Gange [&hellip;]<\/p>\n","protected":false},"author":2,"featured_media":772404,"comment_status":"open","ping_status":"open","sticky":false,"template":"","format":"standard","meta":{"_acf_changed":false,"_display_image":"","footnotes":""},"categories":[1081],"tags":[1107],"class_list":["post-772403","post","type-post","status-publish","format-standard","has-post-thumbnail","hentry","category-politik","tag-gesundheit"],"blocksy_meta":[],"acf":[],"author_username":"alk","telegram_post":"","public_post_metadata":{"breaking_news":"","important":"","csempe":"","center_tile":"","disable_thumbnail":"","target_lang":"","_featured_image_style":"","telegram_post":"","_xlat_group_id":""},"public_rank_math_data":{"title":"%title% %sep% %sitename%","description":"","focus_keyword":"","canonical_url":"","robots":"","primary_category":"1081","breadcrumb_title":"","facebook_title":"","facebook_description":"","facebook_image":"","facebook_image_id":"","twitter_title":"","twitter_description":"","twitter_image":"","twitter_image_id":"","twitter_card_type":"","twitter_use_facebook":"","advanced_robots":"","pillar_content":"","seo_score":"","contentai_score":"","rich_snippet":""},"_links":{"self":[{"href":"https:\/\/dailynewshungary.com\/de\/wp-json\/wp\/v2\/posts\/772403","targetHints":{"allow":["GET"]}}],"collection":[{"href":"https:\/\/dailynewshungary.com\/de\/wp-json\/wp\/v2\/posts"}],"about":[{"href":"https:\/\/dailynewshungary.com\/de\/wp-json\/wp\/v2\/types\/post"}],"author":[{"embeddable":true,"href":"https:\/\/dailynewshungary.com\/de\/wp-json\/wp\/v2\/users\/2"}],"replies":[{"embeddable":true,"href":"https:\/\/dailynewshungary.com\/de\/wp-json\/wp\/v2\/comments?post=772403"}],"version-history":[{"count":0,"href":"https:\/\/dailynewshungary.com\/de\/wp-json\/wp\/v2\/posts\/772403\/revisions"}],"wp:featuredmedia":[{"embeddable":true,"href":"https:\/\/dailynewshungary.com\/de\/wp-json\/wp\/v2\/media\/772404"}],"wp:attachment":[{"href":"https:\/\/dailynewshungary.com\/de\/wp-json\/wp\/v2\/media?parent=772403"}],"wp:term":[{"taxonomy":"category","embeddable":true,"href":"https:\/\/dailynewshungary.com\/de\/wp-json\/wp\/v2\/categories?post=772403"},{"taxonomy":"post_tag","embeddable":true,"href":"https:\/\/dailynewshungary.com\/de\/wp-json\/wp\/v2\/tags?post=772403"}],"curies":[{"name":"wp","href":"https:\/\/api.w.org\/{rel}","templated":true}]}}