{"id":772435,"date":"2014-07-04T13:03:23","date_gmt":"2014-07-04T11:03:23","guid":{"rendered":"https:\/\/dailynewshungary.com\/de\/chinesisch-ungarisches-medizinisches-zentrum-wird-in-budapest-eroffnet\/"},"modified":"2014-07-04T13:03:23","modified_gmt":"2014-07-04T11:03:23","slug":"chinesisch-ungarisches-medizinisches-zentrum-wird-in-budapest-eroffnet","status":"publish","type":"post","link":"https:\/\/dailynewshungary.com\/de\/chinesisch-ungarisches-medizinisches-zentrum-wird-in-budapest-eroffnet\/","title":{"rendered":"Chinesisch-ungarisches medizinisches Zentrum wird in Budapest er\u00f6ffnet"},"content":{"rendered":"<p><strong>(MTI) \u2013 Die Regierungen Ungarns und Chinas haben im achten Bezirk Budapests ein Gesundheitszentrum er\u00f6ffnet, um Dienstleistungen anzubieten, die auf einer integrierten Anwendung der traditionellen chinesischen und westlichen Medizin basieren.<\/strong><\/p>\n<p>Gyorgy G. Nemeth, der Leiter des neuen Zentrums, sagte MTI am Donnerstag, dass die Anlage die erste ihrer Art in Ungarn sei, nach Beispielen in den USA, Australien und einigen europ\u00e4ischen L\u00e4ndern.<\/p>\n<p>Das neue Gesundheitszentrum zielt darauf ab, ungarischen Patienten chinesische medizinische Traditionen vorzustellen und der chinesischen Gemeinschaft Ungarns hochrangige Dienstleistungen anzubieten, sagte G. Nemeth.<\/p>\n<p>Das Zentrum, das rund 30 \u00c4rzte, darunter f\u00fcnf Chinesen, besch\u00e4ftigt, wurde im Rahmen einer langfristigen Kooperationsvereinbarung eingerichtet, die im Februar dieses Jahres von den Premierministern beider L\u00e4nder unterzeichnet wurde.<\/p>\n","protected":false},"excerpt":{"rendered":"<p>(MTI) \u2013 Die Regierungen Ungarns und Chinas haben im achten Bezirk Budapests ein Gesundheitszentrum er\u00f6ffnet, um Dienstleistungen anzubieten, die auf einer integrierten Anwendung der traditionellen chinesischen und westlichen Medizin basieren. Gyorgy G. Nemeth, der Leiter des neuen Zentrums, sagte MTI am Donnerstag, dass die Anlage die erste ihrer Art in Ungarn sei, nach Beispielen in [&hellip;]<\/p>\n","protected":false},"author":2,"featured_media":772436,"comment_status":"open","ping_status":"open","sticky":false,"template":"","format":"standard","meta":{"_acf_changed":false,"_display_image":"","footnotes":""},"categories":[1098],"tags":[1107],"class_list":["post-772435","post","type-post","status-publish","format-standard","has-post-thumbnail","hentry","category-gesellschaft","tag-gesundheit"],"blocksy_meta":[],"acf":[],"author_username":"alk","telegram_post":"","public_post_metadata":{"breaking_news":"","important":"","csempe":"","center_tile":"","disable_thumbnail":"","target_lang":"","_featured_image_style":"","telegram_post":"","_xlat_group_id":""},"public_rank_math_data":{"title":"%title% %sep% %sitename%","description":"","focus_keyword":"","canonical_url":"","robots":"","primary_category":"1098","breadcrumb_title":"","facebook_title":"","facebook_description":"","facebook_image":"","facebook_image_id":"","twitter_title":"","twitter_description":"","twitter_image":"","twitter_image_id":"","twitter_card_type":"","twitter_use_facebook":"","advanced_robots":"","pillar_content":"","seo_score":"","contentai_score":"","rich_snippet":""},"_links":{"self":[{"href":"https:\/\/dailynewshungary.com\/de\/wp-json\/wp\/v2\/posts\/772435","targetHints":{"allow":["GET"]}}],"collection":[{"href":"https:\/\/dailynewshungary.com\/de\/wp-json\/wp\/v2\/posts"}],"about":[{"href":"https:\/\/dailynewshungary.com\/de\/wp-json\/wp\/v2\/types\/post"}],"author":[{"embeddable":true,"href":"https:\/\/dailynewshungary.com\/de\/wp-json\/wp\/v2\/users\/2"}],"replies":[{"embeddable":true,"href":"https:\/\/dailynewshungary.com\/de\/wp-json\/wp\/v2\/comments?post=772435"}],"version-history":[{"count":0,"href":"https:\/\/dailynewshungary.com\/de\/wp-json\/wp\/v2\/posts\/772435\/revisions"}],"wp:featuredmedia":[{"embeddable":true,"href":"https:\/\/dailynewshungary.com\/de\/wp-json\/wp\/v2\/media\/772436"}],"wp:attachment":[{"href":"https:\/\/dailynewshungary.com\/de\/wp-json\/wp\/v2\/media?parent=772435"}],"wp:term":[{"taxonomy":"category","embeddable":true,"href":"https:\/\/dailynewshungary.com\/de\/wp-json\/wp\/v2\/categories?post=772435"},{"taxonomy":"post_tag","embeddable":true,"href":"https:\/\/dailynewshungary.com\/de\/wp-json\/wp\/v2\/tags?post=772435"}],"curies":[{"name":"wp","href":"https:\/\/api.w.org\/{rel}","templated":true}]}}