{"id":772445,"date":"2014-07-03T14:01:29","date_gmt":"2014-07-03T12:01:29","guid":{"rendered":"https:\/\/dailynewshungary.com\/de\/radikale-nationalisten-gay-pride-festival-ist-provokation\/"},"modified":"2014-07-03T14:01:29","modified_gmt":"2014-07-03T12:01:29","slug":"radikale-nationalisten-gay-pride-festival-ist-provokation","status":"publish","type":"post","link":"https:\/\/dailynewshungary.com\/de\/radikale-nationalisten-gay-pride-festival-ist-provokation\/","title":{"rendered":"Radikale Nationalisten: Gay Pride Festival ist Provokation"},"content":{"rendered":"<p><strong>(MTI) \u2013 Das Budapest Pride Festival, das jetzt l\u00e4uft, ist eine \u201cProvokation gegen die Mehrheit\u201d, sagte der Sprecher der radikal-nationalistischen Jobbik-Partei am Mittwoch auf einer Pressekonferenz.<\/strong><\/p>\n<p>Adam Mirkoczki sprach vor dem Toldi-Kino, einem der Veranstaltungsorte der von der Lesben-, Bisexuellen-, Schwulen-, Transgender- und Queer-Community organisierten Veranstaltungen, und bestand darauf, dass es \u201ebesch\u00e4mend\u201d sei, dass \u00f6ffentliche Einrichtungen f\u00fcr solche \u201epervertierten\u201cgenutzt werden k\u00f6nnten\u201d Funktionen.<\/p>\n<p>Mirkoczki sagte, dass der traditionelle Pride March, die Abschlussveranstaltung des Festivals, den Steuerzahler jedes Jahr \u201cviele zehn Millionen Forint\u201d kostet und er den Verkehr in Budapest \u201czum Erliegen bringt\u201d.<\/p>\n<p>Jobbik findet es \u201centsetzlich\u201d, dass die Botschaften von 20 L\u00e4ndern ihre Unterst\u00fctzung f\u00fcr das Festival zum Ausdruck gebracht haben, und \u201ceinige von ihnen geben sogar Geld f\u00fcr diese Abweichung aus\u201d, sagte MirkoczkiEr f\u00fcgte hinzu, dass Homosexuelle in Ungarn nicht bel\u00e4stigt werden und seine Partei die Macht h\u00e4tte, es w\u00fcrde solche Veranstaltungen verbieten.<\/p>\n<p>Jobbik plane keine Gegendemonstration zu dem f\u00fcr Samstag angesetzten Schwulenmarsch, sagte der Sprecher.<\/p>\n<p><em>Foto: ultrasliberi.hu<\/em><\/p>\n","protected":false},"excerpt":{"rendered":"<p>(MTI) \u2013 Das Budapest Pride Festival, das jetzt l\u00e4uft, ist eine \u201cProvokation gegen die Mehrheit\u201d, sagte der Sprecher der radikal-nationalistischen Jobbik-Partei am Mittwoch auf einer Pressekonferenz. Adam Mirkoczki sprach vor dem Toldi-Kino, einem der Veranstaltungsorte der von der Lesben-, Bisexuellen-, Schwulen-, Transgender- und Queer-Community organisierten Veranstaltungen, und bestand darauf, dass es \u201ebesch\u00e4mend\u201d sei, dass \u00f6ffentliche [&hellip;]<\/p>\n","protected":false},"author":2,"featured_media":772446,"comment_status":"open","ping_status":"open","sticky":false,"template":"","format":"standard","meta":{"_acf_changed":false,"_display_image":"","footnotes":""},"categories":[1081],"tags":[1632],"class_list":["post-772445","post","type-post","status-publish","format-standard","has-post-thumbnail","hentry","category-politik","tag-jobbik"],"blocksy_meta":[],"acf":[],"author_username":"alk","telegram_post":"","public_post_metadata":{"breaking_news":"","important":"","csempe":"","center_tile":"","disable_thumbnail":"","target_lang":"","_featured_image_style":"","telegram_post":"","_xlat_group_id":""},"public_rank_math_data":{"title":"%title% %sep% %sitename%","description":"","focus_keyword":"","canonical_url":"","robots":"","primary_category":"1081","breadcrumb_title":"","facebook_title":"","facebook_description":"","facebook_image":"","facebook_image_id":"","twitter_title":"","twitter_description":"","twitter_image":"","twitter_image_id":"","twitter_card_type":"","twitter_use_facebook":"","advanced_robots":"","pillar_content":"","seo_score":"","contentai_score":"","rich_snippet":""},"_links":{"self":[{"href":"https:\/\/dailynewshungary.com\/de\/wp-json\/wp\/v2\/posts\/772445","targetHints":{"allow":["GET"]}}],"collection":[{"href":"https:\/\/dailynewshungary.com\/de\/wp-json\/wp\/v2\/posts"}],"about":[{"href":"https:\/\/dailynewshungary.com\/de\/wp-json\/wp\/v2\/types\/post"}],"author":[{"embeddable":true,"href":"https:\/\/dailynewshungary.com\/de\/wp-json\/wp\/v2\/users\/2"}],"replies":[{"embeddable":true,"href":"https:\/\/dailynewshungary.com\/de\/wp-json\/wp\/v2\/comments?post=772445"}],"version-history":[{"count":0,"href":"https:\/\/dailynewshungary.com\/de\/wp-json\/wp\/v2\/posts\/772445\/revisions"}],"wp:featuredmedia":[{"embeddable":true,"href":"https:\/\/dailynewshungary.com\/de\/wp-json\/wp\/v2\/media\/772446"}],"wp:attachment":[{"href":"https:\/\/dailynewshungary.com\/de\/wp-json\/wp\/v2\/media?parent=772445"}],"wp:term":[{"taxonomy":"category","embeddable":true,"href":"https:\/\/dailynewshungary.com\/de\/wp-json\/wp\/v2\/categories?post=772445"},{"taxonomy":"post_tag","embeddable":true,"href":"https:\/\/dailynewshungary.com\/de\/wp-json\/wp\/v2\/tags?post=772445"}],"curies":[{"name":"wp","href":"https:\/\/api.w.org\/{rel}","templated":true}]}}