{"id":772495,"date":"2014-06-29T10:01:10","date_gmt":"2014-06-29T08:01:10","guid":{"rendered":"https:\/\/dailynewshungary.com\/de\/ungarische-burgermeister-halten-welttreffen-in-godollors-ab\/"},"modified":"2014-06-29T10:01:10","modified_gmt":"2014-06-29T08:01:10","slug":"ungarische-burgermeister-halten-welttreffen-in-godollors-ab","status":"publish","type":"post","link":"https:\/\/dailynewshungary.com\/de\/ungarische-burgermeister-halten-welttreffen-in-godollors-ab\/","title":{"rendered":"Ungarische B\u00fcrgermeister halten Welttreffen in G\u00f6d\u00f6llors ab"},"content":{"rendered":"<p><strong>Budapest, 28. Juni (MTI) 28. Juni \u2013 Ungarische B\u00fcrgermeister aus der ganzen Welt trafen sich am Samstag zu einem zweit\u00e4gigen Treffen im Godollo Chateau au\u00dferhalb von Budapest.<\/strong><\/p>\n<p>Die Weltkonferenz, die zum zehnten Mal vom Ungarischen Gemeindebund (MOSZ) organisiert wurde, wurde vom MOSZ-Chef und B\u00fcrgermeister von Godollo Gyorgy Gemesi er\u00f6ffnet.<\/p>\n<p>Der Pr\u00e4sident des Verfassungsgerichts, Peter Paczolay, der Hauptpatron der Veranstaltung, sagte in seiner Ansprache, dass starke Kommunen und ein angemessenes Ma\u00df an Dezentralisierung f\u00fcr die Demokratie von entscheidender Bedeutung seien. Paczolay sagte, dass lokale Probleme am besten von den Kommunalverwaltungen in Zusammenarbeit mit ihren W\u00e4hlern angegangen werden k\u00f6nnten. \u201eDie lokale Macht k\u00f6nnte eine Hochburg einer Gewaltenteilung sein, die f\u00fcr eine demokratische Rechtsstaatlichkeit unverzichtbar ist.\u201c\u201d, sagte Paczolay und f\u00fcgte hinzu, dass die Kommunen auch als Gegengewicht zur Zentralregierung dienten.<\/p>\n<p>Hunor Kelemen, Vorsitzender der ethnischen ungarischen RMDSZ-Partei Rum\u00e4niens, sagte, dass die Ungarn in Siebenb\u00fcrgen an starken Gemeinden interessiert seien, f\u00fcgte jedoch hinzu, dass dies auch die Durchsetzung des Subsidiarit\u00e4tsprinzips und die St\u00e4rkung der lokalen Autonomien erfordere.<\/p>\n<p>Der Staatssekret\u00e4r im Innenministerium Tibor Pogacsas sagte, dass die Regierung die Kommunalreform abgeschlossen habe, die darauf abzielte, die Aufgaben und Kompetenzen der Kommunalverwaltungen zu \u00e4ndern. Er sagte, dass das neue System zwar \u201eKomponenten angefochten haben k\u00f6nnte\u201caber die Erwartungen erf\u00fcllt habe.<\/p>\n<p>Die Regierung sei an einem reibungslosen Funktionieren der Kommunen und der Durchsetzung der Selbstverwaltung interessiert, f\u00fcgte Pogacsas hinzu und brachte die Bereitschaft der Regierung zum Dialog mit den lokalen Beh\u00f6rden zum Ausdruck.<\/p>\n<p><em>Foto: MTI \u2013 Lajos Soos<\/em><\/p>\n","protected":false},"excerpt":{"rendered":"<p>Budapest, 28. Juni (MTI) 28. Juni \u2013 Ungarische B\u00fcrgermeister aus der ganzen Welt trafen sich am Samstag zu einem zweit\u00e4gigen Treffen im Godollo Chateau au\u00dferhalb von Budapest. Die Weltkonferenz, die zum zehnten Mal vom Ungarischen Gemeindebund (MOSZ) organisiert wurde, wurde vom MOSZ-Chef und B\u00fcrgermeister von Godollo Gyorgy Gemesi er\u00f6ffnet. Der Pr\u00e4sident des Verfassungsgerichts, Peter Paczolay, [&hellip;]<\/p>\n","protected":false},"author":2,"featured_media":772496,"comment_status":"open","ping_status":"open","sticky":false,"template":"","format":"standard","meta":{"_acf_changed":false,"_display_image":"","footnotes":""},"categories":[1081],"tags":[1066],"class_list":["post-772495","post","type-post","status-publish","format-standard","has-post-thumbnail","hentry","category-politik","tag-hungary"],"blocksy_meta":[],"acf":[],"author_username":"alk","telegram_post":"","public_post_metadata":{"breaking_news":"","important":"","csempe":"","center_tile":"","disable_thumbnail":"","target_lang":"","_featured_image_style":"","telegram_post":"","_xlat_group_id":""},"public_rank_math_data":{"title":"%title% %sep% %sitename%","description":"","focus_keyword":"","canonical_url":"","robots":"","primary_category":"1081","breadcrumb_title":"","facebook_title":"","facebook_description":"","facebook_image":"","facebook_image_id":"","twitter_title":"","twitter_description":"","twitter_image":"","twitter_image_id":"","twitter_card_type":"","twitter_use_facebook":"","advanced_robots":"","pillar_content":"","seo_score":"","contentai_score":"","rich_snippet":""},"_links":{"self":[{"href":"https:\/\/dailynewshungary.com\/de\/wp-json\/wp\/v2\/posts\/772495","targetHints":{"allow":["GET"]}}],"collection":[{"href":"https:\/\/dailynewshungary.com\/de\/wp-json\/wp\/v2\/posts"}],"about":[{"href":"https:\/\/dailynewshungary.com\/de\/wp-json\/wp\/v2\/types\/post"}],"author":[{"embeddable":true,"href":"https:\/\/dailynewshungary.com\/de\/wp-json\/wp\/v2\/users\/2"}],"replies":[{"embeddable":true,"href":"https:\/\/dailynewshungary.com\/de\/wp-json\/wp\/v2\/comments?post=772495"}],"version-history":[{"count":0,"href":"https:\/\/dailynewshungary.com\/de\/wp-json\/wp\/v2\/posts\/772495\/revisions"}],"wp:featuredmedia":[{"embeddable":true,"href":"https:\/\/dailynewshungary.com\/de\/wp-json\/wp\/v2\/media\/772496"}],"wp:attachment":[{"href":"https:\/\/dailynewshungary.com\/de\/wp-json\/wp\/v2\/media?parent=772495"}],"wp:term":[{"taxonomy":"category","embeddable":true,"href":"https:\/\/dailynewshungary.com\/de\/wp-json\/wp\/v2\/categories?post=772495"},{"taxonomy":"post_tag","embeddable":true,"href":"https:\/\/dailynewshungary.com\/de\/wp-json\/wp\/v2\/tags?post=772495"}],"curies":[{"name":"wp","href":"https:\/\/api.w.org\/{rel}","templated":true}]}}