{"id":772507,"date":"2014-06-28T10:02:49","date_gmt":"2014-06-28T08:02:49","guid":{"rendered":"https:\/\/dailynewshungary.com\/de\/ungarns-vote-gegen-juncker-machtzeichen-sagt-orban\/"},"modified":"2014-06-28T10:02:49","modified_gmt":"2014-06-28T08:02:49","slug":"ungarns-vote-gegen-juncker-machtzeichen-sagt-orban","status":"publish","type":"post","link":"https:\/\/dailynewshungary.com\/de\/ungarns-vote-gegen-juncker-machtzeichen-sagt-orban\/","title":{"rendered":"Ungarns Vote gegen Juncker \u201cMachtzeichen\u201d, sagt Orban"},"content":{"rendered":"<p><strong>(MTI) \u201eUngarn musste der Europ\u00e4ischen Union ein starkes Signal geben, dass es die \u00dcbernahme nationaler Kompetenzen durch die Gemeinschaft und ihre \u201e\u00fcberfl\u00fcssige\u201d \u00c4nderung des EU-Vertrags ablehnt, sagte Premierminister Viktor Orban in Bezug auf seine Abstimmung gegen die Nominierung von.\u201cJean-Claude Juncker zum Pr\u00e4sidenten der Europ\u00e4ischen Kommission, am Freitag in Br\u00fcssel.<\/strong><\/p>\n<p>Bei der Abstimmung stimmten Orban und sein britischer Amtskollege David Cameron gegen Juncker, doch Orban sagte hinterher, er h\u00e4tte genauso abgestimmt, selbst wenn er mit seiner Position allein gelassen worden w\u00e4re.<\/p>\n<p>\u201cEs war eine Grundsatzfrage\u201d, sagte Orban.<\/p>\n<p>Orban sprach sich dagegen aus, \u201edie Grenzen des EU-Vertrags zu \u00fcberschreiten, selbst wenn dies mit dem ansonsten ehrenhaften Bem\u00fchen um Konsens geschieht\u201c\u201d.<\/p>\n<p>Wenn der EU-Vertrag keinen ausreichenden Handlungsspielraum bietet und neue Regeln erforderlich sind, sollte die Idee zur Sprache gebracht und diskutiert werden. Der EU-Vertrag kann \u201etransparent, demokratisch, gut vorbereitet und bewusst\u201cge\u00e4ndert werden. \u201eEs ist jedoch falsch, wenn einige Interpretationen zu Abweichungen von den urspr\u00fcnglichen Zielen des Vertrags f\u00fchren, sagte er.<\/p>\n<p>Orban stellte fest, dass es in den letzten f\u00fcnf Jahren wiederholt Bem\u00fchungen gegeben habe, die EU-Kontrolle auf Themen auszuweiten, die eindeutig in den nationalen Geltungsbereich fallen, und nannte als Beispiele K\u00fcrzungen bei den Rechnungen \u00f6ffentlicher Versorgungsunternehmen, der Bankenabgabe, dem Schutz von Ackerland und sogar der steuerfreien Palinka-Destillation.<\/p>\n<p>Orban sagte, Ungarn k\u00f6nne seine Position w\u00e4hrend der Diskussion \u00fcber eine f\u00fcnfj\u00e4hrige EU-Strategie in mehreren Punkten durchsetzen.<\/p>\n<p>Beispielsweise sei die Notwendigkeit, die Arbeitssteuern zu senken, eine Idee, die zuvor scharfe Kritik hervorgerufen habe, w\u00e4hrend des Gipfels deutlich unterst\u00fctzt worden, sagte er.<\/p>\n<p>In der Frage der wettbewerbsf\u00e4higen Energiepreise habe es einen gewissen Wandel gegeben, sagte er.<\/p>\n<p>Nach der \u201cradikalen Position Ungarns, die einige Mitgliedstaaten teilen, wenn auch nicht alle\u201d, ist die Regulierung des Marktes kein Ziel f\u00fcr sich; der Wettbewerb sollte qualitativ hochwertige Dienstleistungen und niedrigere Preise f\u00fcr die Verbraucher zur Folge haben Im Energiesektor ist der Fall jedoch nicht so Es sollte daher \u00fcberlegt werden, ob den Grunds\u00e4tzen der Regulierung oder den Verbraucherinteressen Vorrang einger\u00e4umt werden sollte, sagte er.<\/p>\n<p>Parteien der ungarischen linken Opposition begr\u00fc\u00dften jedoch Junckers Nominierung und kritisierten Orban daf\u00fcr, dass er gegen ihn gestimmt hatte.<\/p>\n<p>Der vorl\u00e4ufige sozialistische Fraktionsvorsitzende Jozsef Tobias sagte gegen\u00fcber MTI, Orban habe sich gegen die \u00fcberwiegende Mehrheit der Mitgliedstaaten gestellt und \u201eeine spektakul\u00e4re Niederlage erlitten\u201cTobias sagte, Junckers Programm entspreche den Interessen Ungarns, w\u00e4hrend \u201eOrban es vers\u00e4umte, die ungarischen Interessen zu vertreten, und seine Haltung\u201cdie Isolation des Landes weiter verst\u00e4rkte und das negative Image Ungarns seit 2010\u201d.<\/p>\n<p>Die Demokratische Koalition unterst\u00fctzt Juncker als \u201eerfahrenen Politiker von gro\u00dfem Respekt\u201c&#8230; jemand, der sich f\u00fcr die Wettbewerbsf\u00e4higkeit Europas und das Wohlergehen seiner B\u00fcrger einsetzt\u201d.<\/p>\n<p>Der amtierende Vizevorsitzende Csaba Molnar sagte, seine Partei erwarte von Juncker, dass er sich f\u00fcr den Schutz der ungarischen Demokratie und ihres Volkes \u201cauch gegen die Regierung von Viktor Orban\u201d einsetze.<\/p>\n<p>In einer Erkl\u00e4rung des E-PM-Parteib\u00fcndnisses wurde Juncker als \u201eeurop\u00e4ischer Politiker bezeichnet, der die Interessen Ungarns besser vertritt als der Premierminister des Landes\u201cDas Dokument brachte die Unterst\u00fctzung der E-PM f\u00fcr ein \u201ef\u00f6deraleres Europa, einen freien Arbeitsmarkt und den Kampf gegen die Armut\u201d zum Ausdruck und \u00e4u\u00dferte Unverst\u00e4ndnis \u00fcber Orbans \u201eobstinate\u201d Ablehnung Junckers, eine Haltung, die \u201enicht durch ein ungarisches Interesse gerechtfertigt\u201d sei.<\/p>\n<p><em>Foto: Pressestelle des Ministerpr\u00e4sidenten<\/em><\/p>\n","protected":false},"excerpt":{"rendered":"<p>(MTI) \u201eUngarn musste der Europ\u00e4ischen Union ein starkes Signal geben, dass es die \u00dcbernahme nationaler Kompetenzen durch die Gemeinschaft und ihre \u201e\u00fcberfl\u00fcssige\u201d \u00c4nderung des EU-Vertrags ablehnt, sagte Premierminister Viktor Orban in Bezug auf seine Abstimmung gegen die Nominierung von.\u201cJean-Claude Juncker zum Pr\u00e4sidenten der Europ\u00e4ischen Kommission, am Freitag in Br\u00fcssel. Bei der Abstimmung stimmten Orban und [&hellip;]<\/p>\n","protected":false},"author":2,"featured_media":772508,"comment_status":"open","ping_status":"open","sticky":false,"template":"","format":"standard","meta":{"_acf_changed":false,"_display_image":"","footnotes":""},"categories":[1081],"tags":[1082,1128],"class_list":["post-772507","post","type-post","status-publish","format-standard","has-post-thumbnail","hentry","category-politik","tag-europaische-union","tag-viktor-orban"],"blocksy_meta":[],"acf":[],"author_username":"alk","telegram_post":"","public_post_metadata":{"breaking_news":"","important":"","csempe":"","center_tile":"","disable_thumbnail":"","target_lang":"","_featured_image_style":"","telegram_post":"","_xlat_group_id":""},"public_rank_math_data":{"title":"%title% %sep% %sitename%","description":"","focus_keyword":"","canonical_url":"","robots":"","primary_category":"1081","breadcrumb_title":"","facebook_title":"","facebook_description":"","facebook_image":"","facebook_image_id":"","twitter_title":"","twitter_description":"","twitter_image":"","twitter_image_id":"","twitter_card_type":"","twitter_use_facebook":"","advanced_robots":"","pillar_content":"","seo_score":"","contentai_score":"","rich_snippet":""},"_links":{"self":[{"href":"https:\/\/dailynewshungary.com\/de\/wp-json\/wp\/v2\/posts\/772507","targetHints":{"allow":["GET"]}}],"collection":[{"href":"https:\/\/dailynewshungary.com\/de\/wp-json\/wp\/v2\/posts"}],"about":[{"href":"https:\/\/dailynewshungary.com\/de\/wp-json\/wp\/v2\/types\/post"}],"author":[{"embeddable":true,"href":"https:\/\/dailynewshungary.com\/de\/wp-json\/wp\/v2\/users\/2"}],"replies":[{"embeddable":true,"href":"https:\/\/dailynewshungary.com\/de\/wp-json\/wp\/v2\/comments?post=772507"}],"version-history":[{"count":0,"href":"https:\/\/dailynewshungary.com\/de\/wp-json\/wp\/v2\/posts\/772507\/revisions"}],"wp:featuredmedia":[{"embeddable":true,"href":"https:\/\/dailynewshungary.com\/de\/wp-json\/wp\/v2\/media\/772508"}],"wp:attachment":[{"href":"https:\/\/dailynewshungary.com\/de\/wp-json\/wp\/v2\/media?parent=772507"}],"wp:term":[{"taxonomy":"category","embeddable":true,"href":"https:\/\/dailynewshungary.com\/de\/wp-json\/wp\/v2\/categories?post=772507"},{"taxonomy":"post_tag","embeddable":true,"href":"https:\/\/dailynewshungary.com\/de\/wp-json\/wp\/v2\/tags?post=772507"}],"curies":[{"name":"wp","href":"https:\/\/api.w.org\/{rel}","templated":true}]}}