{"id":772550,"date":"2014-06-24T18:35:07","date_gmt":"2014-06-24T16:35:07","guid":{"rendered":"https:\/\/dailynewshungary.com\/de\/force-health-protection-nato-konferenz-in-budapest-eroffnet\/"},"modified":"2014-06-24T18:35:07","modified_gmt":"2014-06-24T16:35:07","slug":"force-health-protection-nato-konferenz-in-budapest-eroffnet","status":"publish","type":"post","link":"https:\/\/dailynewshungary.com\/de\/force-health-protection-nato-konferenz-in-budapest-eroffnet\/","title":{"rendered":"Force Health Protection NATO-Konferenz in Budapest er\u00f6ffnet"},"content":{"rendered":"<p><strong>Budapest, 24. Juni (MTI) \u2013 Zusammenarbeit und Austausch von F\u00e4higkeiten und Erfahrungen sind f\u00fcr die Weiterentwicklung der Gesundheitsdienste im Milit\u00e4r von entscheidender Bedeutung, sagte Verteidigungsminister Csaba Hende heute in seiner Er\u00f6ffnungsrede vor der NATO-Konferenz zum Schutz der Streitkr\u00e4fte in Budapest.<\/strong><\/p>\n<p>Die Gesundheitsentwicklung sei ein Schl\u00fcsselbereich der NATO-Planung, sagte der Minister und f\u00fcgte hinzu, dass die vom NATO-Exzellenzzentrum f\u00fcr Milit\u00e4rmedizin in Budapest organisierte Konferenz eine gute Gelegenheit sein werde, zuk\u00fcnftige Entwicklungen im Bereich der milit\u00e4rischen Gesundheit zu \u00fcberpr\u00fcfen, die in den Mitgliedsl\u00e4ndern geplant seien.<\/p>\n<p>Vor \u00fcber 200 Vertretern aus 26 L\u00e4ndern verwies der Minister auf den Beitrag der ungarischen Truppen zur lokalen Gesundheitsentwicklung und zur Erh\u00f6hung der Sicherheit in AfghanistanIhre Erfahrung werde zu effizienteren Gesundheitsdiensten sowohl innerhalb als auch au\u00dferhalb des Milit\u00e4rs beitragen, f\u00fcgte er hinzu.<\/p>\n<p>Die aktuellen wirtschaftlichen Bedingungen machen es f\u00fcr die Nationen notwendig, bei der Technologie- und Gesundheitsentwicklung zusammenzuarbeiten und die effizientesten L\u00f6sungen zu finden, sagte Hende und zeigte sich stolz darauf, dass ungarische Experten zu dieser Zusammenarbeit beigetragen haben.<\/p>\n<p>Zu den auf der Konferenz zu diskutierenden Themen z\u00e4hlte Hende Gesundheitsschutz, \u00f6ffentliche Gesundheit, Gesundheitsrisikobewertung, Tropenkrankheiten, Besch\u00e4ftigungs- und Umweltgesundheitsrisiken, Pr\u00e4ventivmedizin, Impfungen, Sch\u00e4dlingsbek\u00e4mpfung, Lebensmittel- und Wasserhygiene sowie Epidemieprotokolle.<\/p>\n<p><em>Foto: www.nato-health-conference.com<\/em><\/p>\n","protected":false},"excerpt":{"rendered":"<p>Budapest, 24. Juni (MTI) \u2013 Zusammenarbeit und Austausch von F\u00e4higkeiten und Erfahrungen sind f\u00fcr die Weiterentwicklung der Gesundheitsdienste im Milit\u00e4r von entscheidender Bedeutung, sagte Verteidigungsminister Csaba Hende heute in seiner Er\u00f6ffnungsrede vor der NATO-Konferenz zum Schutz der Streitkr\u00e4fte in Budapest. Die Gesundheitsentwicklung sei ein Schl\u00fcsselbereich der NATO-Planung, sagte der Minister und f\u00fcgte hinzu, dass die [&hellip;]<\/p>\n","protected":false},"author":2,"featured_media":772551,"comment_status":"open","ping_status":"open","sticky":false,"template":"","format":"standard","meta":{"_acf_changed":false,"_display_image":"","footnotes":""},"categories":[1081],"tags":[1107],"class_list":["post-772550","post","type-post","status-publish","format-standard","has-post-thumbnail","hentry","category-politik","tag-gesundheit"],"blocksy_meta":[],"acf":[],"author_username":"alk","telegram_post":"","public_post_metadata":{"breaking_news":"","important":"","csempe":"","center_tile":"","disable_thumbnail":"","target_lang":"","_featured_image_style":"","telegram_post":"","_xlat_group_id":""},"public_rank_math_data":{"title":"%title% %sep% %sitename%","description":"","focus_keyword":"","canonical_url":"","robots":"","primary_category":"1081","breadcrumb_title":"","facebook_title":"","facebook_description":"","facebook_image":"","facebook_image_id":"","twitter_title":"","twitter_description":"","twitter_image":"","twitter_image_id":"","twitter_card_type":"","twitter_use_facebook":"","advanced_robots":"","pillar_content":"","seo_score":"","contentai_score":"","rich_snippet":""},"_links":{"self":[{"href":"https:\/\/dailynewshungary.com\/de\/wp-json\/wp\/v2\/posts\/772550","targetHints":{"allow":["GET"]}}],"collection":[{"href":"https:\/\/dailynewshungary.com\/de\/wp-json\/wp\/v2\/posts"}],"about":[{"href":"https:\/\/dailynewshungary.com\/de\/wp-json\/wp\/v2\/types\/post"}],"author":[{"embeddable":true,"href":"https:\/\/dailynewshungary.com\/de\/wp-json\/wp\/v2\/users\/2"}],"replies":[{"embeddable":true,"href":"https:\/\/dailynewshungary.com\/de\/wp-json\/wp\/v2\/comments?post=772550"}],"version-history":[{"count":0,"href":"https:\/\/dailynewshungary.com\/de\/wp-json\/wp\/v2\/posts\/772550\/revisions"}],"wp:featuredmedia":[{"embeddable":true,"href":"https:\/\/dailynewshungary.com\/de\/wp-json\/wp\/v2\/media\/772551"}],"wp:attachment":[{"href":"https:\/\/dailynewshungary.com\/de\/wp-json\/wp\/v2\/media?parent=772550"}],"wp:term":[{"taxonomy":"category","embeddable":true,"href":"https:\/\/dailynewshungary.com\/de\/wp-json\/wp\/v2\/categories?post=772550"},{"taxonomy":"post_tag","embeddable":true,"href":"https:\/\/dailynewshungary.com\/de\/wp-json\/wp\/v2\/tags?post=772550"}],"curies":[{"name":"wp","href":"https:\/\/api.w.org\/{rel}","templated":true}]}}