{"id":772574,"date":"2014-06-23T08:04:01","date_gmt":"2014-06-23T06:04:01","guid":{"rendered":"https:\/\/dailynewshungary.com\/de\/budapest-countryside-muss-sich-seitlich-entwickeln-sagt-lmp-beamter\/"},"modified":"2014-06-23T08:04:01","modified_gmt":"2014-06-23T06:04:01","slug":"budapest-countryside-muss-sich-seitlich-entwickeln-sagt-lmp-beamter","status":"publish","type":"post","link":"https:\/\/dailynewshungary.com\/de\/budapest-countryside-muss-sich-seitlich-entwickeln-sagt-lmp-beamter\/","title":{"rendered":"Budapest, Countryside muss sich seitlich entwickeln, sagt LMP-Beamter"},"content":{"rendered":"<p><strong>(MTI) \u2013 Ungarns Regionen au\u00dferhalb Budapests m\u00fcssen entwickelt und die Wirtschaft angekurbelt werden, aber nicht auf Kosten der Hauptstadt, sagte ein hochrangiger Beamter der gr\u00fcnen Oppositionspartei LMP am Sonntag.<\/strong><\/p>\n<p>Laszlo Lorant Keresztes sagte auf einer Pressekonferenz in Pecs, S Ungarn, dass Entscheidungstr\u00e4ger der vergangenen Jahre schwer daran schuld seien, dass die Wirtschaft der Provinzen hinterherhinkeEr sagte, die Hauptstadt und andere Gro\u00dfst\u00e4dte m\u00fcssten Seite an Seite entwickelt werden &#8211; Seite f\u00fcr Seite auf eine f\u00fcr beide Seiten vorteilhafte Weise, damit das ganze Land seine Belohnungen sp\u00fcren kann.<\/p>\n<p>Keresztes sagte, es gebe gro\u00dfe L\u00fccken in der Entwicklung des gemeinschaftlichen Verkehrs auch in der gut entwickelten Region Zentralungarn, zu der Budapest geh\u00f6rt, Er f\u00fcgte hinzu, dass Ma\u00dfnahmen zur Bildung von Verkehrsallianzen und zur Steigerung der Wettbewerbsf\u00e4higkeit des \u00f6ffentlichen Verkehrs sowie zur Vereinheitlichung der Verkehrssysteme der Hauptstadt und ihres Agglomerationsgebiets erforderlich seien.<\/p>\n","protected":false},"excerpt":{"rendered":"<p>(MTI) \u2013 Ungarns Regionen au\u00dferhalb Budapests m\u00fcssen entwickelt und die Wirtschaft angekurbelt werden, aber nicht auf Kosten der Hauptstadt, sagte ein hochrangiger Beamter der gr\u00fcnen Oppositionspartei LMP am Sonntag. Laszlo Lorant Keresztes sagte auf einer Pressekonferenz in Pecs, S Ungarn, dass Entscheidungstr\u00e4ger der vergangenen Jahre schwer daran schuld seien, dass die Wirtschaft der Provinzen hinterherhinkeEr [&hellip;]<\/p>\n","protected":false},"author":2,"featured_media":772575,"comment_status":"open","ping_status":"open","sticky":false,"template":"","format":"standard","meta":{"_acf_changed":false,"_display_image":"","footnotes":""},"categories":[1081],"tags":[1873],"class_list":["post-772574","post","type-post","status-publish","format-standard","has-post-thumbnail","hentry","category-politik","tag-lmp"],"blocksy_meta":[],"acf":[],"author_username":"alk","telegram_post":"","public_post_metadata":{"breaking_news":"","important":"","csempe":"","center_tile":"","disable_thumbnail":"","target_lang":"","_featured_image_style":"","telegram_post":"","_xlat_group_id":""},"public_rank_math_data":{"title":"%title% %sep% %sitename%","description":"","focus_keyword":"","canonical_url":"","robots":"","primary_category":"1081","breadcrumb_title":"","facebook_title":"","facebook_description":"","facebook_image":"","facebook_image_id":"","twitter_title":"","twitter_description":"","twitter_image":"","twitter_image_id":"","twitter_card_type":"","twitter_use_facebook":"","advanced_robots":"","pillar_content":"","seo_score":"","contentai_score":"","rich_snippet":""},"_links":{"self":[{"href":"https:\/\/dailynewshungary.com\/de\/wp-json\/wp\/v2\/posts\/772574","targetHints":{"allow":["GET"]}}],"collection":[{"href":"https:\/\/dailynewshungary.com\/de\/wp-json\/wp\/v2\/posts"}],"about":[{"href":"https:\/\/dailynewshungary.com\/de\/wp-json\/wp\/v2\/types\/post"}],"author":[{"embeddable":true,"href":"https:\/\/dailynewshungary.com\/de\/wp-json\/wp\/v2\/users\/2"}],"replies":[{"embeddable":true,"href":"https:\/\/dailynewshungary.com\/de\/wp-json\/wp\/v2\/comments?post=772574"}],"version-history":[{"count":0,"href":"https:\/\/dailynewshungary.com\/de\/wp-json\/wp\/v2\/posts\/772574\/revisions"}],"wp:featuredmedia":[{"embeddable":true,"href":"https:\/\/dailynewshungary.com\/de\/wp-json\/wp\/v2\/media\/772575"}],"wp:attachment":[{"href":"https:\/\/dailynewshungary.com\/de\/wp-json\/wp\/v2\/media?parent=772574"}],"wp:term":[{"taxonomy":"category","embeddable":true,"href":"https:\/\/dailynewshungary.com\/de\/wp-json\/wp\/v2\/categories?post=772574"},{"taxonomy":"post_tag","embeddable":true,"href":"https:\/\/dailynewshungary.com\/de\/wp-json\/wp\/v2\/tags?post=772574"}],"curies":[{"name":"wp","href":"https:\/\/api.w.org\/{rel}","templated":true}]}}