{"id":772576,"date":"2014-06-22T19:52:22","date_gmt":"2014-06-22T17:52:22","guid":{"rendered":"https:\/\/dailynewshungary.com\/de\/egyutt-plant-eine-regierungspartei-zu-werden-die-bedurftige-unterstutzt-sagt-co-vorsitzende-der-geschaftsleitung\/"},"modified":"2014-06-22T19:52:22","modified_gmt":"2014-06-22T17:52:22","slug":"egyutt-plant-eine-regierungspartei-zu-werden-die-bedurftige-unterstutzt-sagt-co-vorsitzende-der-geschaftsleitung","status":"publish","type":"post","link":"https:\/\/dailynewshungary.com\/de\/egyutt-plant-eine-regierungspartei-zu-werden-die-bedurftige-unterstutzt-sagt-co-vorsitzende-der-geschaftsleitung\/","title":{"rendered":"Egy\u00fctt plant, eine Regierungspartei zu werden, die Bed\u00fcrftige unterst\u00fctzt, sagt Co-Vorsitzende der Gesch\u00e4ftsleitung"},"content":{"rendered":"<p><strong>Budapest, 22. Juni (MTI) \u2013 Egyutt (Gemeinsam) plant, als regierungsf\u00e4hige Partei zu fungieren, unterst\u00fctzt die Entwicklung der Mittelschicht und dr\u00fcckt starkes Mitgef\u00fchl mit dem bed\u00fcrftigen, neu gew\u00e4hlten Co-Vorsitzenden der Exekutive aus, sagte Viktor Szigetvari am Sonntag.<\/strong><\/p>\n<p>Szigetvari sagte, die Partei habe am Samstag ein Treffen abgehalten, bei dem die Teilnehmer beschlossen h\u00e4tten, alle Anstrengungen zu unternehmen, um Premierminister Viktor Orban im Jahr 2018 zu st\u00fcrzen und ein besseres Land zu schaffen.<\/p>\n<p>In seinem Programm als gesch\u00e4ftsf\u00fchrender Co-Vorsitzender der Partei sagte Szigetvari, er habe sich zum Ziel gesetzt, eine Partei zu entwickeln, die erfolgreich und regierungsf\u00e4hig sei und den Schwerpunkt auf Liberalismus und eine Mitte-Links-Identit\u00e4t lege, die frei von \u201eAnti-Elite-Populismus\u201cder oppositionellen LMP sei\u201d und auch von der j\u00fcngsten R\u00fcckkehr linker Parteien zu populistischen Tendenzen.<\/p>\n<p>Er sagte, Egyutt werde die Solidarit\u00e4tsbewegung weiterhin einbeziehen und das B\u00fcndnis mit der Partei Dialog f\u00fcr Ungarn (PM) st\u00e4rken.<\/p>\n<p>Szigetvari sagte, es gebe in Ungarn eine Gruppe von Staatsanw\u00e4lten, die das Justizverwaltungssystem \u201cin Haft\u201d halten, und Chefankl\u00e4ger Peter Polt sei ein Hindernis f\u00fcr die Offenlegung der Wahrheit, weil er darauf hinarbeite, \u201cViktor Orban zu dienen\u201d, anstatt f\u00fcr die Wahrheit zu arbeiten Auf die Frage, ob Polt ins Gef\u00e4ngnis geschickt werden sollte, antwortete Szigetvari, \u201cer sollte es tun, wenn er ein Verbrechen begeht\u201d.<\/p>\n<p><em>Foto: MTI \u2013 Attila Kovacs<\/em><\/p>\n","protected":false},"excerpt":{"rendered":"<p>Budapest, 22. Juni (MTI) \u2013 Egyutt (Gemeinsam) plant, als regierungsf\u00e4hige Partei zu fungieren, unterst\u00fctzt die Entwicklung der Mittelschicht und dr\u00fcckt starkes Mitgef\u00fchl mit dem bed\u00fcrftigen, neu gew\u00e4hlten Co-Vorsitzenden der Exekutive aus, sagte Viktor Szigetvari am Sonntag. Szigetvari sagte, die Partei habe am Samstag ein Treffen abgehalten, bei dem die Teilnehmer beschlossen h\u00e4tten, alle Anstrengungen zu [&hellip;]<\/p>\n","protected":false},"author":2,"featured_media":772577,"comment_status":"open","ping_status":"open","sticky":false,"template":"","format":"standard","meta":{"_acf_changed":false,"_display_image":"","footnotes":""},"categories":[1081],"tags":[4028],"class_list":["post-772576","post","type-post","status-publish","format-standard","has-post-thumbnail","hentry","category-politik","tag-egyutt-dialog-fur-ungarn"],"blocksy_meta":[],"acf":[],"author_username":"alk","telegram_post":"","public_post_metadata":{"breaking_news":"","important":"","csempe":"","center_tile":"","disable_thumbnail":"","target_lang":"","_featured_image_style":"","telegram_post":"","_xlat_group_id":""},"public_rank_math_data":{"title":"%title% %sep% %sitename%","description":"","focus_keyword":"","canonical_url":"","robots":"","primary_category":"1081","breadcrumb_title":"","facebook_title":"","facebook_description":"","facebook_image":"","facebook_image_id":"","twitter_title":"","twitter_description":"","twitter_image":"","twitter_image_id":"","twitter_card_type":"","twitter_use_facebook":"","advanced_robots":"","pillar_content":"","seo_score":"","contentai_score":"","rich_snippet":""},"_links":{"self":[{"href":"https:\/\/dailynewshungary.com\/de\/wp-json\/wp\/v2\/posts\/772576","targetHints":{"allow":["GET"]}}],"collection":[{"href":"https:\/\/dailynewshungary.com\/de\/wp-json\/wp\/v2\/posts"}],"about":[{"href":"https:\/\/dailynewshungary.com\/de\/wp-json\/wp\/v2\/types\/post"}],"author":[{"embeddable":true,"href":"https:\/\/dailynewshungary.com\/de\/wp-json\/wp\/v2\/users\/2"}],"replies":[{"embeddable":true,"href":"https:\/\/dailynewshungary.com\/de\/wp-json\/wp\/v2\/comments?post=772576"}],"version-history":[{"count":0,"href":"https:\/\/dailynewshungary.com\/de\/wp-json\/wp\/v2\/posts\/772576\/revisions"}],"wp:featuredmedia":[{"embeddable":true,"href":"https:\/\/dailynewshungary.com\/de\/wp-json\/wp\/v2\/media\/772577"}],"wp:attachment":[{"href":"https:\/\/dailynewshungary.com\/de\/wp-json\/wp\/v2\/media?parent=772576"}],"wp:term":[{"taxonomy":"category","embeddable":true,"href":"https:\/\/dailynewshungary.com\/de\/wp-json\/wp\/v2\/categories?post=772576"},{"taxonomy":"post_tag","embeddable":true,"href":"https:\/\/dailynewshungary.com\/de\/wp-json\/wp\/v2\/tags?post=772576"}],"curies":[{"name":"wp","href":"https:\/\/api.w.org\/{rel}","templated":true}]}}