{"id":772584,"date":"2014-06-22T11:21:27","date_gmt":"2014-06-22T09:21:27","guid":{"rendered":"https:\/\/dailynewshungary.com\/de\/jobbik-wahlt-vona-erneut-zum-parteivorsitzenden\/"},"modified":"2014-06-22T11:21:27","modified_gmt":"2014-06-22T09:21:27","slug":"jobbik-wahlt-vona-erneut-zum-parteivorsitzenden","status":"publish","type":"post","link":"https:\/\/dailynewshungary.com\/de\/jobbik-wahlt-vona-erneut-zum-parteivorsitzenden\/","title":{"rendered":"Jobbik w\u00e4hlt Vona erneut zum Parteivorsitzenden"},"content":{"rendered":"<p><strong>(MTI) \u2013 Die radikal-nationalistische Jobbik-Partei hat Gabor Vona auf einem Parteitag am Samstag in Budapest als Parteivorsitzenden wiedergew\u00e4hlt.<\/strong><\/p>\n<p>Vona wurde mit Unterst\u00fctzung von 95 Prozent der \u00fcber 500 Delegierten wiedergew\u00e4hlt. Er war der einzige Kandidat f\u00fcr den Posten.<\/p>\n<p>Drei stellvertretende Vorsitzende wurden wiedergew\u00e4hlt: Janos Volner, Tamas Sneider und Elod Novak, und drei neue stellvertretende Vorsitzende wurden gew\u00e4hlt: Istvan Apati, Daniel Z Karpat und Istvan Szavay.<\/p>\n<p>Jobbik plant, die Parlamentswahlen 2018 zu gewinnen und bei den Kommunalwahlen im Herbst Zweiter zu werden, sagte Vona fr\u00fcher am Tag gegen\u00fcber den Delegierten.<\/p>\n<p>Vona sagte, in den n\u00e4chsten zwei Jahren werde es in der Partei Grundlagenarbeit geben. Er sagte, Jobbik brauche einen nationalen Fernseh- oder Radiosender, er m\u00fcsse Regierungsstrategien und -strukturen vorbereiten und die Au\u00dfenbeziehungen st\u00e4rken.<\/p>\n<p>Er sagte, Jobbik sei in der Lage gewesen, seine Kr\u00e4fte zu vereinen und eine Volkspartei zu werden, w\u00e4hrend es sich voll und ganz an seine Werte und sein Programm gehalten habe. Jobbik m\u00fcsse den Radikalismus in seinem Stil, aber nicht in seinem Inhalt aufgeben, sagte Vona.<\/p>\n<p>Der Veranstaltungssaal wurde nach Vonas Rede aus Bombenangst evakuiert, das Treffen wurde jedoch nach einer polizeilichen Durchsuchung wieder aufgenommen.<\/p>\n<p><em>Foto: MTI \u2013 Zoltan Mathe<\/em><\/p>\n","protected":false},"excerpt":{"rendered":"<p>(MTI) \u2013 Die radikal-nationalistische Jobbik-Partei hat Gabor Vona auf einem Parteitag am Samstag in Budapest als Parteivorsitzenden wiedergew\u00e4hlt. Vona wurde mit Unterst\u00fctzung von 95 Prozent der \u00fcber 500 Delegierten wiedergew\u00e4hlt. Er war der einzige Kandidat f\u00fcr den Posten. Drei stellvertretende Vorsitzende wurden wiedergew\u00e4hlt: Janos Volner, Tamas Sneider und Elod Novak, und drei neue stellvertretende Vorsitzende [&hellip;]<\/p>\n","protected":false},"author":2,"featured_media":772585,"comment_status":"open","ping_status":"open","sticky":false,"template":"","format":"standard","meta":{"_acf_changed":false,"_display_image":"","footnotes":""},"categories":[1081],"tags":[1632],"class_list":["post-772584","post","type-post","status-publish","format-standard","has-post-thumbnail","hentry","category-politik","tag-jobbik"],"blocksy_meta":[],"acf":[],"author_username":"alk","telegram_post":"","public_post_metadata":{"breaking_news":"","important":"","csempe":"","center_tile":"","disable_thumbnail":"","target_lang":"","_featured_image_style":"","telegram_post":"","_xlat_group_id":""},"public_rank_math_data":{"title":"%title% %sep% %sitename%","description":"","focus_keyword":"","canonical_url":"","robots":"","primary_category":"1081","breadcrumb_title":"","facebook_title":"","facebook_description":"","facebook_image":"","facebook_image_id":"","twitter_title":"","twitter_description":"","twitter_image":"","twitter_image_id":"","twitter_card_type":"","twitter_use_facebook":"","advanced_robots":"","pillar_content":"","seo_score":"","contentai_score":"","rich_snippet":""},"_links":{"self":[{"href":"https:\/\/dailynewshungary.com\/de\/wp-json\/wp\/v2\/posts\/772584","targetHints":{"allow":["GET"]}}],"collection":[{"href":"https:\/\/dailynewshungary.com\/de\/wp-json\/wp\/v2\/posts"}],"about":[{"href":"https:\/\/dailynewshungary.com\/de\/wp-json\/wp\/v2\/types\/post"}],"author":[{"embeddable":true,"href":"https:\/\/dailynewshungary.com\/de\/wp-json\/wp\/v2\/users\/2"}],"replies":[{"embeddable":true,"href":"https:\/\/dailynewshungary.com\/de\/wp-json\/wp\/v2\/comments?post=772584"}],"version-history":[{"count":0,"href":"https:\/\/dailynewshungary.com\/de\/wp-json\/wp\/v2\/posts\/772584\/revisions"}],"wp:featuredmedia":[{"embeddable":true,"href":"https:\/\/dailynewshungary.com\/de\/wp-json\/wp\/v2\/media\/772585"}],"wp:attachment":[{"href":"https:\/\/dailynewshungary.com\/de\/wp-json\/wp\/v2\/media?parent=772584"}],"wp:term":[{"taxonomy":"category","embeddable":true,"href":"https:\/\/dailynewshungary.com\/de\/wp-json\/wp\/v2\/categories?post=772584"},{"taxonomy":"post_tag","embeddable":true,"href":"https:\/\/dailynewshungary.com\/de\/wp-json\/wp\/v2\/tags?post=772584"}],"curies":[{"name":"wp","href":"https:\/\/api.w.org\/{rel}","templated":true}]}}