{"id":772638,"date":"2014-06-18T08:01:34","date_gmt":"2014-06-18T06:01:34","guid":{"rendered":"https:\/\/dailynewshungary.com\/de\/navracsics-eroffnet-das-wallenberg-denkmal-im-zentrum-von-budapest\/"},"modified":"2014-06-18T08:01:34","modified_gmt":"2014-06-18T06:01:34","slug":"navracsics-eroffnet-das-wallenberg-denkmal-im-zentrum-von-budapest","status":"publish","type":"post","link":"https:\/\/dailynewshungary.com\/de\/navracsics-eroffnet-das-wallenberg-denkmal-im-zentrum-von-budapest\/","title":{"rendered":"Navracsics er\u00f6ffnet das Wallenberg-Denkmal im Zentrum von Budapest"},"content":{"rendered":"<p><strong>Budapest, 17. Juni (MTI) Der schwedische Diplomat Raoul Wallenberg und andere Helden, die Menschen gerettet haben, begannen, den Ungarn in einer aussichtslosen Situation Hoffnung zu bringen, sagte der ungarische Au\u00dfenminister am Dienstag in Budapest bei der Einweihung einer Wallenberg-Gedenkst\u00e4tte.<\/strong><\/p>\n<p>Diese Menschen retteten Juden und andere, setzten ihr eigenes Leben aufs Spiel und opferten es oft; Das Denkmal sei ein Zeichen daf\u00fcr, dass der Holocaust in der Geschichte nie wieder passieren d\u00fcrfe, f\u00fcgte er hinzu.<\/p>\n<p>Karin Olofsdotter, die schwedische Botschafterin in Budapest, sagte, Wallenberg sei als schwedischer Diplomat mit der alleinigen Aufgabe nach Ungarn gekommen, so viele j\u00fcdische Menschen wie m\u00f6glich zu retten.<\/p>\n<p>Das auf dem zentral gelegenen Erzsebet-Platz der Stadt eingerichtete Mahnmal wurde vom ungarischst\u00e4mmigen schwedischen Bildhauer Gustav Kraitz angefertigt und tr\u00e4gt den Titel Vergiss nicht!, sie f\u00fcgte hinzu, dass der Ort ausgew\u00e4hlt worden sei, da viele Jugendliche den Platz passieren.<\/p>\n<p><em>Foto: MTI \u2013 Szilard Koszticsak<\/em><\/p>\n","protected":false},"excerpt":{"rendered":"<p>Budapest, 17. Juni (MTI) Der schwedische Diplomat Raoul Wallenberg und andere Helden, die Menschen gerettet haben, begannen, den Ungarn in einer aussichtslosen Situation Hoffnung zu bringen, sagte der ungarische Au\u00dfenminister am Dienstag in Budapest bei der Einweihung einer Wallenberg-Gedenkst\u00e4tte. Diese Menschen retteten Juden und andere, setzten ihr eigenes Leben aufs Spiel und opferten es oft; [&hellip;]<\/p>\n","protected":false},"author":2,"featured_media":772639,"comment_status":"open","ping_status":"open","sticky":false,"template":"","format":"standard","meta":{"_acf_changed":false,"_display_image":"","footnotes":""},"categories":[1098],"tags":[1125],"class_list":["post-772638","post","type-post","status-publish","format-standard","has-post-thumbnail","hentry","category-gesellschaft","tag-geschichte"],"blocksy_meta":[],"acf":[],"author_username":"alk","telegram_post":"","public_post_metadata":{"breaking_news":"","important":"","csempe":"","center_tile":"","disable_thumbnail":"","target_lang":"","_featured_image_style":"","telegram_post":"","_xlat_group_id":""},"public_rank_math_data":{"title":"%title% %sep% %sitename%","description":"","focus_keyword":"","canonical_url":"","robots":"","primary_category":"1098","breadcrumb_title":"","facebook_title":"","facebook_description":"","facebook_image":"","facebook_image_id":"","twitter_title":"","twitter_description":"","twitter_image":"","twitter_image_id":"","twitter_card_type":"","twitter_use_facebook":"","advanced_robots":"","pillar_content":"","seo_score":"","contentai_score":"","rich_snippet":""},"_links":{"self":[{"href":"https:\/\/dailynewshungary.com\/de\/wp-json\/wp\/v2\/posts\/772638","targetHints":{"allow":["GET"]}}],"collection":[{"href":"https:\/\/dailynewshungary.com\/de\/wp-json\/wp\/v2\/posts"}],"about":[{"href":"https:\/\/dailynewshungary.com\/de\/wp-json\/wp\/v2\/types\/post"}],"author":[{"embeddable":true,"href":"https:\/\/dailynewshungary.com\/de\/wp-json\/wp\/v2\/users\/2"}],"replies":[{"embeddable":true,"href":"https:\/\/dailynewshungary.com\/de\/wp-json\/wp\/v2\/comments?post=772638"}],"version-history":[{"count":0,"href":"https:\/\/dailynewshungary.com\/de\/wp-json\/wp\/v2\/posts\/772638\/revisions"}],"wp:featuredmedia":[{"embeddable":true,"href":"https:\/\/dailynewshungary.com\/de\/wp-json\/wp\/v2\/media\/772639"}],"wp:attachment":[{"href":"https:\/\/dailynewshungary.com\/de\/wp-json\/wp\/v2\/media?parent=772638"}],"wp:term":[{"taxonomy":"category","embeddable":true,"href":"https:\/\/dailynewshungary.com\/de\/wp-json\/wp\/v2\/categories?post=772638"},{"taxonomy":"post_tag","embeddable":true,"href":"https:\/\/dailynewshungary.com\/de\/wp-json\/wp\/v2\/tags?post=772638"}],"curies":[{"name":"wp","href":"https:\/\/api.w.org\/{rel}","templated":true}]}}