{"id":772646,"date":"2014-06-17T14:02:56","date_gmt":"2014-06-17T12:02:56","guid":{"rendered":"https:\/\/dailynewshungary.com\/de\/orban-lehnt-die-unterstutzung-von-juncker-im-bild-interview-ab\/"},"modified":"2014-06-17T14:02:56","modified_gmt":"2014-06-17T12:02:56","slug":"orban-lehnt-die-unterstutzung-von-juncker-im-bild-interview-ab","status":"publish","type":"post","link":"https:\/\/dailynewshungary.com\/de\/orban-lehnt-die-unterstutzung-von-juncker-im-bild-interview-ab\/","title":{"rendered":"Orban lehnt die Unterst\u00fctzung von Juncker im Bild-Interview ab"},"content":{"rendered":"<p><strong>Berlin, 17. Juni (MTI) \u2013 Im zweiten Teil eines Interviews, das am Dienstag in der deutschen Bild-Tageszeitung ver\u00f6ffentlicht wurde, unterstrich Premierminister Viktor Orban seinen Widerstand gegen Jean-Claude Junckers Versuch, Pr\u00e4sident der Europ\u00e4ischen Kommission zu werden.<\/strong><\/p>\n<blockquote>\n<p>\u201cIch habe meinen W\u00e4hlern versprochen, Juncker den Weg zu versperren,\u201d<\/p>\n<\/blockquote>\n<p>Er sagte, er werde sein Versprechen \u201coder europ\u00e4ische Regeln\u201d nicht brechen, nur um anderen Parteien in der EVP zu gefallen.<\/p>\n<p>Zu einem anderen Thema sagte Orban, dass es bei der Anzeigensteuer Ungarns, die von vielen als Angriff auf die Pressefreiheit angesehen wird, eher um die \u201criesigen\u201d Gewinne der Medienanbieter als um Freiheit gehe. Er argumentierte, dass die Regierungen Ungarns geplant h\u00e4tten, eine \u201cangemessene\u201d Steuer auf diese Gewinne zu erheben, und f\u00fcgte hinzu, dass der Widerstand gegen diese Pl\u00e4ne verst\u00e4ndlich sei, weil \u201cniemand gerne Steuern zahlt, nicht einmal gro\u00dfe Medienkonzerne\u201d.<\/p>\n<p>Der zweite Teil des Interviews ist (auf Deutsch) online unter http:\/\/www.bild.de\/ zu lesen.<\/p>\n<p><em>Foto: B\u00fcro des Premierministers \u2013 Barna Burger<\/em><\/p>\n","protected":false},"excerpt":{"rendered":"<p>Berlin, 17. Juni (MTI) \u2013 Im zweiten Teil eines Interviews, das am Dienstag in der deutschen Bild-Tageszeitung ver\u00f6ffentlicht wurde, unterstrich Premierminister Viktor Orban seinen Widerstand gegen Jean-Claude Junckers Versuch, Pr\u00e4sident der Europ\u00e4ischen Kommission zu werden. \u201cIch habe meinen W\u00e4hlern versprochen, Juncker den Weg zu versperren,\u201d Er sagte, er werde sein Versprechen \u201coder europ\u00e4ische Regeln\u201d nicht [&hellip;]<\/p>\n","protected":false},"author":2,"featured_media":772647,"comment_status":"open","ping_status":"open","sticky":false,"template":"","format":"standard","meta":{"_acf_changed":false,"_display_image":"","footnotes":""},"categories":[1081],"tags":[1082,1128],"class_list":["post-772646","post","type-post","status-publish","format-standard","has-post-thumbnail","hentry","category-politik","tag-europaische-union","tag-viktor-orban"],"blocksy_meta":[],"acf":[],"author_username":"alk","telegram_post":"","public_post_metadata":{"breaking_news":"","important":"","csempe":"","center_tile":"","disable_thumbnail":"","target_lang":"","_featured_image_style":"","telegram_post":"","_xlat_group_id":""},"public_rank_math_data":{"title":"%title% %sep% %sitename%","description":"","focus_keyword":"","canonical_url":"","robots":"","primary_category":"1081","breadcrumb_title":"","facebook_title":"","facebook_description":"","facebook_image":"","facebook_image_id":"","twitter_title":"","twitter_description":"","twitter_image":"","twitter_image_id":"","twitter_card_type":"","twitter_use_facebook":"","advanced_robots":"","pillar_content":"","seo_score":"","contentai_score":"","rich_snippet":""},"_links":{"self":[{"href":"https:\/\/dailynewshungary.com\/de\/wp-json\/wp\/v2\/posts\/772646","targetHints":{"allow":["GET"]}}],"collection":[{"href":"https:\/\/dailynewshungary.com\/de\/wp-json\/wp\/v2\/posts"}],"about":[{"href":"https:\/\/dailynewshungary.com\/de\/wp-json\/wp\/v2\/types\/post"}],"author":[{"embeddable":true,"href":"https:\/\/dailynewshungary.com\/de\/wp-json\/wp\/v2\/users\/2"}],"replies":[{"embeddable":true,"href":"https:\/\/dailynewshungary.com\/de\/wp-json\/wp\/v2\/comments?post=772646"}],"version-history":[{"count":0,"href":"https:\/\/dailynewshungary.com\/de\/wp-json\/wp\/v2\/posts\/772646\/revisions"}],"wp:featuredmedia":[{"embeddable":true,"href":"https:\/\/dailynewshungary.com\/de\/wp-json\/wp\/v2\/media\/772647"}],"wp:attachment":[{"href":"https:\/\/dailynewshungary.com\/de\/wp-json\/wp\/v2\/media?parent=772646"}],"wp:term":[{"taxonomy":"category","embeddable":true,"href":"https:\/\/dailynewshungary.com\/de\/wp-json\/wp\/v2\/categories?post=772646"},{"taxonomy":"post_tag","embeddable":true,"href":"https:\/\/dailynewshungary.com\/de\/wp-json\/wp\/v2\/tags?post=772646"}],"curies":[{"name":"wp","href":"https:\/\/api.w.org\/{rel}","templated":true}]}}