{"id":772654,"date":"2014-06-16T20:11:05","date_gmt":"2014-06-16T18:11:05","guid":{"rendered":"https:\/\/dailynewshungary.com\/de\/orban-mehr-handlungsspielraum-fur-die-volkswirtschaften-erforderlich\/"},"modified":"2014-06-16T20:11:05","modified_gmt":"2014-06-16T18:11:05","slug":"orban-mehr-handlungsspielraum-fur-die-volkswirtschaften-erforderlich","status":"publish","type":"post","link":"https:\/\/dailynewshungary.com\/de\/orban-mehr-handlungsspielraum-fur-die-volkswirtschaften-erforderlich\/","title":{"rendered":"Orb\u00e1n: Mehr Handlungsspielraum f\u00fcr die Volkswirtschaften erforderlich"},"content":{"rendered":"<p><strong>Albufeira, 16. Juni (MTI) 6 Der ungarische Ministerpr\u00e4sident Viktor Orb\u00e1n forderte am Montag auf der Fraktionssitzung der Europ\u00e4ischen Volkspartei in Portugal mehr Handlungsspielraum f\u00fcr die EU-Volkswirtschaften.<\/strong><\/p>\n<p>Im Gespr\u00e4ch mit den ungarischen \u00f6ffentlichen Medien in Albufeira sagte er, dies sei eine seiner Hauptinitiativen f\u00fcr die n\u00e4chsten f\u00fcnf Jahre gewesen \u201cWenn es der Europ\u00e4ischen Union gut geht, ist das nur m\u00f6glich, weil die Mitgliedstaaten bessere Leistungen erbringen\u201d, sagte er.<\/p>\n<p>Er sagte auch, dass die EU bei der L\u00f6sung der Krise in der Ukraine die F\u00fchrung \u00fcbernehmen sollte Orb\u00e1n dr\u00e4ngte darauf, eine EU-Russland-Konferenz einzuberufen, um die Krise zu er\u00f6rtern und ein Abkommen \u00fcber die Zusammenarbeit zwischen der EU und Russland in den n\u00e4chsten 20-25 Jahren zu unterzeichnen.<\/p>\n<p>\u201cWir k\u00f6nnten auf diese Weise die Ukraine, Ungarn und die gesamte Energieversorgung Europas sichern\u201d, sagte Orb\u00e1n.<\/p>\n<p>Er forderte au\u00dferdem eine \u00c4nderung der Energiepolitik der EU und wies auf die Energiepreise als wichtigstes Thema unter dem Gesichtspunkt der Wettbewerbsf\u00e4higkeit Europas hin. Um die Wettbewerbsf\u00e4higkeit anzukurbeln, sollten die Energiepreise radikal gesenkt werden, sagte Orban und verwies auf die ungarische Ma\u00dfnahme der Senkung der Nebenkosten.<\/p>\n<p>Der ungarische Ministerpr\u00e4sident sagte, dass die Mitgliedstaaten jeweils eine gr\u00f6\u00dfere Rolle bei der F\u00f6rderung von Investitionen und Programmen zur Schaffung neuer Arbeitspl\u00e4tze spielen sollten. Sie sollten Programme einrichten, die Arbeitslosen neue Arbeitspl\u00e4tze sichern, sagte er und wies auf die von Ungarn ins Leben gerufenen Programme zur F\u00f6rderung der Arbeit hin.<\/p>\n<p>Orb\u00e1n forderte \u201egr\u00f6\u00dferen Mut bei der Ber\u00fchrung der Bankenvorschriften\u201cund wies darauf hin, dass Ungarn Schritte unternommen habe, um L\u00f6sungen f\u00fcr das Problem der Kreditnehmer mit Devisenkrediten zu finden.<\/p>\n<p>In seiner Ansprache \u00e4u\u00dferte der Ministerpr\u00e4sident Kritik an Berichten der Europ\u00e4ischen Kommission \u00fcber Ungarn, die er als politisch sch\u00e4dlich bezeichnete, und forderte eine \u201cpolitische Kontrolle\u201d \u00fcber die L\u00e4nderberichte.<\/p>\n<p>Orb\u00e1n f\u00fchrte am Rande des Treffens Gespr\u00e4che mit Manfred Weber, dem Fraktionsvorsitzenden der EVP.<\/p>\n<p><a href=\"https:\/\/dailynewshungary.com\/wp-content\/uploads\/2014\/06\/orban-2.jpg\" data-pswp-width=\"\" data-pswp-height=\"\" data-cropped=\"true\"><img loading=\"lazy\" decoding=\"async\" class=\"size-full wp-image-8489 aligncenter\" src=\"https:\/\/dailynewshungary.com\/wp-content\/uploads\/2014\/06\/orban-2.jpg\" alt=\"Orban-2\" width=\"600\" height=\"383\" srcset=\"https:\/\/contentf5.dailynewshungary.com\/wp-content\/uploads\/2014\/06\/orban-2.jpg 600w, https:\/\/contentf5.dailynewshungary.com\/wp-content\/uploads\/2014\/06\/orban-2-300x191.jpg 300w\" sizes=\"auto, (max-width: 600px) 100vw, 600px\"><\/a><\/p>\n<p><em style=\"font-size: 14px; line-height: 1.5em;\">Foto: B\u00fcro des Premierministers \u2013 Barna Burger<\/em><\/p>\n","protected":false},"excerpt":{"rendered":"<p>Albufeira, 16. Juni (MTI) 6 Der ungarische Ministerpr\u00e4sident Viktor Orb\u00e1n forderte am Montag auf der Fraktionssitzung der Europ\u00e4ischen Volkspartei in Portugal mehr Handlungsspielraum f\u00fcr die EU-Volkswirtschaften. Im Gespr\u00e4ch mit den ungarischen \u00f6ffentlichen Medien in Albufeira sagte er, dies sei eine seiner Hauptinitiativen f\u00fcr die n\u00e4chsten f\u00fcnf Jahre gewesen \u201cWenn es der Europ\u00e4ischen Union gut geht, [&hellip;]<\/p>\n","protected":false},"author":2,"featured_media":772655,"comment_status":"open","ping_status":"open","sticky":false,"template":"","format":"standard","meta":{"_acf_changed":false,"_display_image":"","footnotes":""},"categories":[1281],"tags":[1082,1128],"class_list":["post-772654","post","type-post","status-publish","format-standard","has-post-thumbnail","hentry","category-geschaft","tag-europaische-union","tag-viktor-orban"],"blocksy_meta":[],"acf":[],"author_username":"alk","telegram_post":"","public_post_metadata":{"breaking_news":"","important":"","csempe":"","center_tile":"","disable_thumbnail":"","target_lang":"","_featured_image_style":"","telegram_post":"","_xlat_group_id":""},"public_rank_math_data":{"title":"%title% %sep% %sitename%","description":"","focus_keyword":"","canonical_url":"","robots":"","primary_category":"1281","breadcrumb_title":"","facebook_title":"","facebook_description":"","facebook_image":"","facebook_image_id":"","twitter_title":"","twitter_description":"","twitter_image":"","twitter_image_id":"","twitter_card_type":"","twitter_use_facebook":"","advanced_robots":"","pillar_content":"","seo_score":"","contentai_score":"","rich_snippet":""},"_links":{"self":[{"href":"https:\/\/dailynewshungary.com\/de\/wp-json\/wp\/v2\/posts\/772654","targetHints":{"allow":["GET"]}}],"collection":[{"href":"https:\/\/dailynewshungary.com\/de\/wp-json\/wp\/v2\/posts"}],"about":[{"href":"https:\/\/dailynewshungary.com\/de\/wp-json\/wp\/v2\/types\/post"}],"author":[{"embeddable":true,"href":"https:\/\/dailynewshungary.com\/de\/wp-json\/wp\/v2\/users\/2"}],"replies":[{"embeddable":true,"href":"https:\/\/dailynewshungary.com\/de\/wp-json\/wp\/v2\/comments?post=772654"}],"version-history":[{"count":0,"href":"https:\/\/dailynewshungary.com\/de\/wp-json\/wp\/v2\/posts\/772654\/revisions"}],"wp:featuredmedia":[{"embeddable":true,"href":"https:\/\/dailynewshungary.com\/de\/wp-json\/wp\/v2\/media\/772655"}],"wp:attachment":[{"href":"https:\/\/dailynewshungary.com\/de\/wp-json\/wp\/v2\/media?parent=772654"}],"wp:term":[{"taxonomy":"category","embeddable":true,"href":"https:\/\/dailynewshungary.com\/de\/wp-json\/wp\/v2\/categories?post=772654"},{"taxonomy":"post_tag","embeddable":true,"href":"https:\/\/dailynewshungary.com\/de\/wp-json\/wp\/v2\/tags?post=772654"}],"curies":[{"name":"wp","href":"https:\/\/api.w.org\/{rel}","templated":true}]}}