{"id":772662,"date":"2014-06-16T12:55:10","date_gmt":"2014-06-16T10:55:10","guid":{"rendered":"https:\/\/dailynewshungary.com\/de\/prasident-ader-tag-der-nagy-wiederbestattung-sprach-von-gemeinsamer-hoffnung\/"},"modified":"2014-06-16T12:55:10","modified_gmt":"2014-06-16T10:55:10","slug":"prasident-ader-tag-der-nagy-wiederbestattung-sprach-von-gemeinsamer-hoffnung","status":"publish","type":"post","link":"https:\/\/dailynewshungary.com\/de\/prasident-ader-tag-der-nagy-wiederbestattung-sprach-von-gemeinsamer-hoffnung\/","title":{"rendered":"Pr\u00e4sident Ader: Tag der Nagy-Wiederbestattung sprach von gemeinsamer Hoffnung"},"content":{"rendered":"<p><strong>Budapest, 16. Juni (MTI) \u201eHeute Tag vor f\u00fcnfundzwanzig Jahren, als Imre Nagy, Ungarns Premierminister w\u00e4hrend der Revolution von 1956, und seine M\u00e4rtyrerkollegen umgebettet wurden, weckte er die Hoffnung, dass das Volk \u201ein das Gef\u00e4ngnis des Kommunistischen Blocks gezwungen wurde\u201c\u201d hatte die M\u00f6glichkeit der Freiheit und markierte das Ende der Diktatur, sagte Pr\u00e4sident Janos Ader heute bei einer Gedenkfeier auf dem Friedhof Rakoskeresztur.<\/strong><\/p>\n<p style=\"text-align: center;\"><img loading=\"lazy\" decoding=\"async\" class=\"size-large wp-image-8479 aligncenter\" alt=\"ader-1\" src=\"https:\/\/dailynewshungary.com\/wp-content\/uploads\/2014\/06\/ader-1.jpg\" width=\"600\" height=\"399\" srcset=\"https:\/\/contentf5.dailynewshungary.com\/wp-content\/uploads\/2014\/06\/ader-1.jpg 600w, https:\/\/contentf5.dailynewshungary.com\/wp-content\/uploads\/2014\/06\/ader-1-300x200.jpg 300w\" sizes=\"auto, (max-width: 600px) 100vw, 600px\"><em>Ungarischer Pr\u00e4sident Janos Ader und polnischer Pr\u00e4sident Bronislaw Komorowski<\/em><\/p>\n<p>Ader sagte, dass dieser Tag f\u00fcr die Ungarn die Fortsetzung der demokratischen Traditionen der Revolution von 1848 sei und den Hoffnungstr\u00e4ger f\u00fcr die Schaffung einer verwestlichten Mittelschicht, des Europ\u00e4ismus und der wiedererlangten Unabh\u00e4ngigkeit darstelle.<\/p>\n<p>Die Staatstrauer im Juni 1989 wurde zum Ausgangspunkt f\u00fcr \u201cden Kampf um unsere Freiheit, Unabh\u00e4ngigkeit, Europ\u00e4ismus und unsere Zukunft\u201d, sagte er.<\/p>\n<p>Ader erinnerte daran, dass an diesem Tag im Jahr 1989 Millionen Ungarn ihre Aufmerksamkeit auf den Heldenplatz richteten und die Geschichte in der Folge die Erwartungen \u201cunserer freiheitsliebenden Nation\u201d bewiesDieser Tag war ein Wendepunkt f\u00fcr die Ungarn, \u201cdie sich aus der erdr\u00fcckenden Umarmung der L\u00fcgen des kommunistischen Systems befreien wollten\u201d<\/p>\n<p>Er bemerkte, dass vor 25 Jahren Ungarn die M\u00e4rtyrer und Helden der Revolution von 1956 gegr\u00fc\u00dft hatten, Imre Nagy f\u00fchrte am 16. Juni 19558 unter ihnen 95. Jeder f\u00fchlte tief in seiner Seele, dass ein historischer Wendepunkt in Ungarn angekommen war, sagte er.<\/p>\n<p><a href=\"https:\/\/dailynewshungary.com\/wp-content\/uploads\/2014\/06\/ader-2.jpg\" data-pswp-width=\"\" data-pswp-height=\"\" data-cropped=\"true\"><img loading=\"lazy\" decoding=\"async\" class=\"aligncenter\" alt=\"ader-2\" src=\"https:\/\/dailynewshungary.com\/wp-content\/uploads\/2014\/06\/ader-2.jpg\" width=\"600\" height=\"399\"><\/a><\/p>\n<p>Dreiunddrei\u00dfig Jahre seien nach der blutigen Niederschlagung der Revolution n\u00f6tig, damit \u201cunsere politische Nation sich offen an diese Ereignisse erinnern kann\u201d, sagte erUnd 33 Jahre seien n\u00f6tig, um f\u00fcr den ersten offenen Gru\u00df an die Helden und M\u00e4rtyrer zu vergehen, und damit die M\u00f6rder sich ihren Opfern stellen, f\u00fcgte Ader hinzu.<\/p>\n<p>Die Machthaber der Diktatur hofften, dass ihnen und ihren Verbrechen von diesem Tag an der Akt des Gru\u00dfes an die Opfer des kommunistischen Regimes und die in nicht gekennzeichneten Gr\u00e4bern begrabenen Freiheitsk\u00e4mpfer vergeben w\u00fcrdenAber eine Entschuldigung, Bedauern und Bu\u00dfe seien f\u00fcr die Vergebung n\u00f6tig, und dazu sei es nicht gekommenDer Tag k\u00f6nne also nicht um Vergebung gehen, sagte Ader.<\/p>\n<p>Dieser Tag bedeutete auch Leid \u00fcber die Vergangenheit sowie die unged\u00e4mpfte gemeinsame Hoffnung der UngarnDas war die gleiche Hoffnung wie die Hoffnung, die die Ostdeutschen, Slowaken, Tschechen, Polen, Rum\u00e4nen, Bulgaren und andere Nationen empfanden, \u201cdie ins Gef\u00e4ngnis des kommunistischen Blocks gedr\u00e4ngt wurden\u201d, f\u00fcgte er hinzuDiese Hoffnung repr\u00e4sentierte die M\u00f6glichkeit der Freiheit und das Ende der Diktatur, sagte Ader.<\/p>\n<p>Er f\u00fcgte hinzu, dass es am 16. Juni 1989 war, als \u201cwir zum ersten Mal nach 33 Jahren offen sagten, dass die russischen Truppen Ungarn verlassen m\u00fcssen\u201d Es war der erste Tag, an dem die Forderung nach freien Wahlen, die das Ende der kommunistischen Diktatur markieren, \u00f6ffentlich bekannt gegeben wurde, sagte er.<\/p>\n<p>Der Wunsch nach Freiheit und Unabh\u00e4ngigkeit inspirierte andere Nationen Mittel &#8211; und Osteuropas zu Ma\u00dfnahmen in einer Kettenreaktion, was den Zusammenbruch des Sowjetimperiums herbeif\u00fchrte Der 16. Juni war ein Meilenstein in diesem Prozess, weil die M\u00e4chte der Diktatur nach diesem Tag gezwungen waren, allm\u00e4hlich zur\u00fcckzutreten.<\/p>\n<p>Diese Zeit war gepr\u00e4gt von solchen Ereignissen in Ungarn wie der \u00d6ffnung der ungarisch-\u00f6sterreichischen Grenze f\u00fcr Zehntausende Ostdeutsche, zu diesem Prozess geh\u00f6rten auch die zum Ausdruck gebrachte Unterst\u00fctzung f\u00fcr die Revolution in Temeswar in Rum\u00e4nien und die Solidarit\u00e4t mit der Samtenen Revolution in Prag, f\u00fcgte er hinzu.<\/p>\n<p>Die Freiheitsbewegungen Mittel &#8211; und Osteuropas nahmen Ansporn von den Erfolgen der anderen und vom Abbau des Eisernen Vorhangs in Ungarn gab es einen geraden Weg zum Abbau der Berliner Mauer, sagte erIn der Folge haben auch die Ungarn zur Wiedervereinigung Deutschlands beigetragen und der 16. Juni wurde daher fester Bestandteil der Wiedergeburt eines freien Europas am Ende des 20. Jahrhunderts, so der Pr\u00e4sident.<\/p>\n<p>An der Veranstaltung nahmen der deutsche Pr\u00e4sident sowie die Pr\u00e4sidenten der Visegrad-Gruppenl\u00e4nder teil.<\/p>\n<p><em style=\"font-size: 14px; line-height: 1.5em;\">Foto: MTI \u2013 Tamas Kovacs<\/em><\/p>\n","protected":false},"excerpt":{"rendered":"<p>Budapest, 16. Juni (MTI) \u201eHeute Tag vor f\u00fcnfundzwanzig Jahren, als Imre Nagy, Ungarns Premierminister w\u00e4hrend der Revolution von 1956, und seine M\u00e4rtyrerkollegen umgebettet wurden, weckte er die Hoffnung, dass das Volk \u201ein das Gef\u00e4ngnis des Kommunistischen Blocks gezwungen wurde\u201c\u201d hatte die M\u00f6glichkeit der Freiheit und markierte das Ende der Diktatur, sagte Pr\u00e4sident Janos Ader heute [&hellip;]<\/p>\n","protected":false},"author":2,"featured_media":772663,"comment_status":"open","ping_status":"open","sticky":false,"template":"","format":"standard","meta":{"_acf_changed":false,"_display_image":"","footnotes":""},"categories":[1081],"tags":[1125],"class_list":["post-772662","post","type-post","status-publish","format-standard","has-post-thumbnail","hentry","category-politik","tag-geschichte"],"blocksy_meta":[],"acf":[],"author_username":"alk","telegram_post":"","public_post_metadata":{"breaking_news":"","important":"","csempe":"","center_tile":"","disable_thumbnail":"","target_lang":"","_featured_image_style":"","telegram_post":"","_xlat_group_id":""},"public_rank_math_data":{"title":"%title% %sep% %sitename%","description":"","focus_keyword":"","canonical_url":"","robots":"","primary_category":"1081","breadcrumb_title":"","facebook_title":"","facebook_description":"","facebook_image":"","facebook_image_id":"","twitter_title":"","twitter_description":"","twitter_image":"","twitter_image_id":"","twitter_card_type":"","twitter_use_facebook":"","advanced_robots":"","pillar_content":"","seo_score":"","contentai_score":"","rich_snippet":""},"_links":{"self":[{"href":"https:\/\/dailynewshungary.com\/de\/wp-json\/wp\/v2\/posts\/772662","targetHints":{"allow":["GET"]}}],"collection":[{"href":"https:\/\/dailynewshungary.com\/de\/wp-json\/wp\/v2\/posts"}],"about":[{"href":"https:\/\/dailynewshungary.com\/de\/wp-json\/wp\/v2\/types\/post"}],"author":[{"embeddable":true,"href":"https:\/\/dailynewshungary.com\/de\/wp-json\/wp\/v2\/users\/2"}],"replies":[{"embeddable":true,"href":"https:\/\/dailynewshungary.com\/de\/wp-json\/wp\/v2\/comments?post=772662"}],"version-history":[{"count":0,"href":"https:\/\/dailynewshungary.com\/de\/wp-json\/wp\/v2\/posts\/772662\/revisions"}],"wp:featuredmedia":[{"embeddable":true,"href":"https:\/\/dailynewshungary.com\/de\/wp-json\/wp\/v2\/media\/772663"}],"wp:attachment":[{"href":"https:\/\/dailynewshungary.com\/de\/wp-json\/wp\/v2\/media?parent=772662"}],"wp:term":[{"taxonomy":"category","embeddable":true,"href":"https:\/\/dailynewshungary.com\/de\/wp-json\/wp\/v2\/categories?post=772662"},{"taxonomy":"post_tag","embeddable":true,"href":"https:\/\/dailynewshungary.com\/de\/wp-json\/wp\/v2\/tags?post=772662"}],"curies":[{"name":"wp","href":"https:\/\/api.w.org\/{rel}","templated":true}]}}