{"id":772708,"date":"2014-06-13T09:50:59","date_gmt":"2014-06-13T07:50:59","guid":{"rendered":"https:\/\/dailynewshungary.com\/de\/pm-wunscht-sich-am-ende-der-amtszeit-eine-einstellige-einkommensteuer\/"},"modified":"2014-06-13T09:50:59","modified_gmt":"2014-06-13T07:50:59","slug":"pm-wunscht-sich-am-ende-der-amtszeit-eine-einstellige-einkommensteuer","status":"publish","type":"post","link":"https:\/\/dailynewshungary.com\/de\/pm-wunscht-sich-am-ende-der-amtszeit-eine-einstellige-einkommensteuer\/","title":{"rendered":"PM w\u00fcnscht sich am Ende der Amtszeit eine einstellige Einkommensteuer"},"content":{"rendered":"<p><strong>Budapest, 13. Juni (MTI) 2 Ministerpr\u00e4sident Viktor Orban erkl\u00e4rte am Freitag, er wolle die Einkommensteuer bis 2018, dem Ende des aktuellen Regierungszyklus, von derzeit 16 Prozent auf unter 10 Prozent senken.<\/strong><\/p>\n<p>Um dieses Ziel zu erreichen, sollte die Wirtschaft statt derzeit 2-4 Prozent um 4 bis 6 Prozent wachsen, sagte Orban dem \u00f6ffentlichen Kossuth-Radio und f\u00fcgte hinzu, dass die letztgenannte Rate ebenfalls machbar sei.<\/p>\n<p>Er sagte, dass die sektoralen Steuern bestehen bleiben w\u00fcrden, solange Fidesz an der Macht bleibe.<\/p>\n<p>\u201cUnser Standpunkt ist, dass diejenigen, die extra hohe Einnahmen erzielen, einen gr\u00f6\u00dferen Anteil an der \u00f6ffentlichen Belastung nehmen sollten\u201d, sagte er.<\/p>\n<p>Zur Einf\u00fchrung der Anzeigensteuer sagte er, dass auch der Werbesektor seinen Teil der \u00f6ffentlichen Last tragen m\u00fcsse und dies keine Frage des Zwangs, sondern eine Frage der Gerechtigkeit sei.<\/p>\n<p>Es seien Konsultationsgespr\u00e4che gef\u00fchrt worden und Berechnungen zeigten, dass \u201cwir 9-10 Milliarden Forint aus einem Sektor sammeln werden, der gro\u00df ist und mit riesigen Gewinnen arbeitet\u201d, f\u00fcgte er hinzu.<\/p>\n<p>Die Anzeigensteuer werde eine sektorale Steuer sein, die es in anderen Sektoren bereits gebe, sagte erKommentiert Einw\u00e4nde der Medien, sagte er \u201cdie Banker hatten es auch getan, Banker auf der rechten und linken Seite protestierten auf der gleichen Plattform\u201d, da \u201cniemand gerne Steuern zahlt\u201d, vor allem nicht, wenn sie hohe Einnahmen haben, sagte Orban.<\/p>\n<p>Nach der Einf\u00fchrung der Bankenabgabe \u201esagten die Banker, dass die Kreditvergabe eingefroren w\u00fcrde (&#8230;) und die Banken w\u00fcrden sich zur\u00fcckziehen.\u201cJedoch kann ich sehen, dass der Bankensektor in Ungarn gut funktioniert\u201d, sagte er.<\/p>\n<p>Orban bekr\u00e4ftigte sein Engagement f\u00fcr die Schaffung von Vollbesch\u00e4ftigung in Ungarn und f\u00fcgte hinzu, dass die Regierung in der kommenden Zeit mehr \u00f6ffentliche Arbeitsm\u00f6glichkeiten bieten werde.<\/p>\n<blockquote>\n<p>\u201cAnstatt Menschen daf\u00fcr zu entsch\u00e4digen, dass sie keine Arbeit haben, wollen wir ihnen Arbeitsm\u00f6glichkeiten schaffen\u201d<\/p>\n<\/blockquote>\n<p>Bez\u00fcglich der laufenden Umgestaltung des Budapester Kommunalwahlsystems sagte er, das Parlament solle im aktuellen Zyklus ein Gesetz verabschieden, um den Betrieb der Stadt f\u00fcr Jahrzehnte zu stabilisieren.<\/p>\n<p>Nach dem von Fidesz vorgeschlagenen Gesetz w\u00fcrde der Budapester Stadtrat mit 33 Sitzen aus dem Kreis der B\u00fcrgermeisterkandidaten, die bei der Wahl keine Sitze gewinnen, den B\u00fcrgermeister von Budapest, 23 Bezirksb\u00fcrgermeister und neun weitere Mitglieder umfassen, die gew\u00e4hlt werden sollen.<\/p>\n<p>Orban sagte, dies werde die Bezirksb\u00fcrgermeister zur Zusammenarbeit mit dem Budapester B\u00fcrgermeister zwingenUnter den gegenw\u00e4rtigen Umst\u00e4nden sei dies die beste Option f\u00fcr die Stadt, f\u00fcgte er hinzu.<\/p>\n<p>Der Premierminister lobte den amtierenden Budapester B\u00fcrgermeister Istvan Tarlos daf\u00fcr, dass er den Bewohnern \u201ceine neue Welt\u201d gebracht habe.<\/p>\n<p>Auf die m\u00f6gliche erneute Nominierung von Tarlos f\u00fcr den Posten angesprochen, sagte Orban, dass \u201cwir ihn in gutem Glauben empfehlen k\u00f6nnen, damit die in den vergangenen vier Jahren geleistete Arbeit fortgesetzt werden soll\u201d<\/p>\n<p>In Bezug auf europ\u00e4ische Angelegenheiten sagte Orban, dass die Europ\u00e4ische Union einen Prozess der \u201eGesetzgebung im Verborgenen\u201cerlebt, wobei ihr Vertrag Schritt f\u00fcr Schritt durch die \u00c4nderung von Einzelheiten ge\u00e4ndert wird.<\/p>\n<p>Als Beispiel nannte Orban das Bestreben, den Vorsitzenden der Europ\u00e4ischen Kommission aus den Kandidaten der in der Europ\u00e4ischen Union vertretenen Parteien auszuw\u00e4hlen und automatisch von den Premierministern der Mitgliedstaaten zu nominieren.<\/p>\n<p>Das sei ein Bem\u00fchen, \u201cdie europ\u00e4ische Verfassung heimlich zu \u00e4ndern\u201d, sagte er.<\/p>\n<p>Orban sagte, er erwarte in Br\u00fcssel wiederholte Versuche, die Befugnisse der Mitgliedstaaten einzud\u00e4mmen, die \u201cwir durch die Erhebung verfassungsrechtlicher Argumente verhindern m\u00fcssen\u201d<\/p>\n<p>Der Premierminister sagte, er werde bald nach Portugal aufbrechen, um an einem Gipfeltreffen der Europ\u00e4ischen Volkspartei teilzunehmen.<\/p>\n<blockquote>\n<p>\u201cWir \u2013 \u2013 und viele andere \u2013 werden den Standpunkt vertreten, dass die Schl\u00fcsselthemen der Erneuerung Europas identifiziert werden sollten, bevor Entscheidungen in Personalfragen getroffen werden\u201d<\/p>\n<\/blockquote>\n<p>In der n\u00e4chsten Phase sollte ein EG-Pr\u00e4sident gew\u00e4hlt werden, der zur Umsetzung dieses Programms bereit ist, sagte Orban.<\/p>\n<p><em>Foto: MTI \u2013 Lajos Soos<\/em><\/p>\n","protected":false},"excerpt":{"rendered":"<p>Budapest, 13. Juni (MTI) 2 Ministerpr\u00e4sident Viktor Orban erkl\u00e4rte am Freitag, er wolle die Einkommensteuer bis 2018, dem Ende des aktuellen Regierungszyklus, von derzeit 16 Prozent auf unter 10 Prozent senken. Um dieses Ziel zu erreichen, sollte die Wirtschaft statt derzeit 2-4 Prozent um 4 bis 6 Prozent wachsen, sagte Orban dem \u00f6ffentlichen Kossuth-Radio und [&hellip;]<\/p>\n","protected":false},"author":2,"featured_media":772709,"comment_status":"open","ping_status":"open","sticky":false,"template":"","format":"standard","meta":{"_acf_changed":false,"_display_image":"","footnotes":""},"categories":[1081],"tags":[1167,1128],"class_list":["post-772708","post","type-post","status-publish","format-standard","has-post-thumbnail","hentry","category-politik","tag-steuer","tag-viktor-orban"],"blocksy_meta":[],"acf":[],"author_username":"alk","telegram_post":"","public_post_metadata":{"breaking_news":"","important":"","csempe":"","center_tile":"","disable_thumbnail":"","target_lang":"","_featured_image_style":"","telegram_post":"","_xlat_group_id":""},"public_rank_math_data":{"title":"%title% %sep% %sitename%","description":"","focus_keyword":"","canonical_url":"","robots":"","primary_category":"1081","breadcrumb_title":"","facebook_title":"","facebook_description":"","facebook_image":"","facebook_image_id":"","twitter_title":"","twitter_description":"","twitter_image":"","twitter_image_id":"","twitter_card_type":"","twitter_use_facebook":"","advanced_robots":"","pillar_content":"","seo_score":"","contentai_score":"","rich_snippet":""},"_links":{"self":[{"href":"https:\/\/dailynewshungary.com\/de\/wp-json\/wp\/v2\/posts\/772708","targetHints":{"allow":["GET"]}}],"collection":[{"href":"https:\/\/dailynewshungary.com\/de\/wp-json\/wp\/v2\/posts"}],"about":[{"href":"https:\/\/dailynewshungary.com\/de\/wp-json\/wp\/v2\/types\/post"}],"author":[{"embeddable":true,"href":"https:\/\/dailynewshungary.com\/de\/wp-json\/wp\/v2\/users\/2"}],"replies":[{"embeddable":true,"href":"https:\/\/dailynewshungary.com\/de\/wp-json\/wp\/v2\/comments?post=772708"}],"version-history":[{"count":0,"href":"https:\/\/dailynewshungary.com\/de\/wp-json\/wp\/v2\/posts\/772708\/revisions"}],"wp:featuredmedia":[{"embeddable":true,"href":"https:\/\/dailynewshungary.com\/de\/wp-json\/wp\/v2\/media\/772709"}],"wp:attachment":[{"href":"https:\/\/dailynewshungary.com\/de\/wp-json\/wp\/v2\/media?parent=772708"}],"wp:term":[{"taxonomy":"category","embeddable":true,"href":"https:\/\/dailynewshungary.com\/de\/wp-json\/wp\/v2\/categories?post=772708"},{"taxonomy":"post_tag","embeddable":true,"href":"https:\/\/dailynewshungary.com\/de\/wp-json\/wp\/v2\/tags?post=772708"}],"curies":[{"name":"wp","href":"https:\/\/api.w.org\/{rel}","templated":true}]}}