{"id":772730,"date":"2014-06-11T14:02:25","date_gmt":"2014-06-11T12:02:25","guid":{"rendered":"https:\/\/dailynewshungary.com\/de\/sozialisten-verurteilen-die-fidesz-politik-in-budapest\/"},"modified":"2014-06-11T14:02:25","modified_gmt":"2014-06-11T12:02:25","slug":"sozialisten-verurteilen-die-fidesz-politik-in-budapest","status":"publish","type":"post","link":"https:\/\/dailynewshungary.com\/de\/sozialisten-verurteilen-die-fidesz-politik-in-budapest\/","title":{"rendered":"Sozialisten verurteilen die Fidesz-Politik in Budapest"},"content":{"rendered":"<p><strong>Budapest, 11. Juni (MTI) \u2013 Die regierende Fidesz-Partei hat das lokale Wahlsystem ge\u00e4ndert, um in Budapest eine Mehrheit zu erreichen, sagte der Fraktionsvorsitzende der oppositionellen Sozialisten heute in der Budapester Versammlung.<\/strong><\/p>\n<p>Das neue kommunale Wahlsystem sei betr\u00fcgerisch, sagte Csaba Horvath auf einer Pressekonferenz und f\u00fcgte hinzu, dass Fidesz nach den Parlamentswahlen am 6. April beschlossen habe, das Gesetz zu \u00e4ndern, nachdem ihm klar geworden sei, dass es ihnen m\u00f6glicherweise nicht gelingen k\u00f6nnte, eine Mehrheit in der Hauptstadt zu erreichen. Der sozialistische Politiker bestand auch darauf, dass Pl\u00e4ne zur Verlegung von Ministerien aus der Hauptstadt auch Teil einer \u201eKampagne\u201cgegen Budapest seien.<\/p>\n<p>Der Budapester B\u00fcrgermeister Istvan Tarlos, der wahrscheinlich Fidesz\u2018Kandidat f\u00fcr eine Wiederwahl sein wird, sollte f\u00fcr die Stadt k\u00e4mpfen, doch er schwieg seit Monaten, f\u00fcgte er hinzu.<\/p>\n<p>Die Stadt Szekesfehervar in Zentralungarn habe die Willkommensmatte f\u00fcr das Verteidigungsministerium bereits abgerollt und weitere Umz\u00fcge aus der Hauptstadt w\u00fcrden zum Verlust Tausender Arbeitspl\u00e4tze in Budapest f\u00fchren, sagte er.<\/p>\n<p>Tarlos sollte sich f\u00fcr Budapest einsetzen, sagte die stellvertretende Fraktionsvorsitzende der Sozialisten f\u00fcr Budapest, Kata Tutto, auf der Pressekonferenz und f\u00fcgte hinzu, dass ihre Partei Tarlos einen Vorschlag zur Einberufung einer au\u00dferordentlichen Generalversammlung unterbreiten werde.<\/p>\n","protected":false},"excerpt":{"rendered":"<p>Budapest, 11. Juni (MTI) \u2013 Die regierende Fidesz-Partei hat das lokale Wahlsystem ge\u00e4ndert, um in Budapest eine Mehrheit zu erreichen, sagte der Fraktionsvorsitzende der oppositionellen Sozialisten heute in der Budapester Versammlung. Das neue kommunale Wahlsystem sei betr\u00fcgerisch, sagte Csaba Horvath auf einer Pressekonferenz und f\u00fcgte hinzu, dass Fidesz nach den Parlamentswahlen am 6. April beschlossen [&hellip;]<\/p>\n","protected":false},"author":2,"featured_media":772731,"comment_status":"open","ping_status":"open","sticky":false,"template":"","format":"standard","meta":{"_acf_changed":false,"_display_image":"","footnotes":""},"categories":[1081],"tags":[1695],"class_list":["post-772730","post","type-post","status-publish","format-standard","has-post-thumbnail","hentry","category-politik","tag-sozialisten"],"blocksy_meta":[],"acf":[],"author_username":"alk","telegram_post":"","public_post_metadata":{"breaking_news":"","important":"","csempe":"","center_tile":"","disable_thumbnail":"","target_lang":"","_featured_image_style":"","telegram_post":"","_xlat_group_id":""},"public_rank_math_data":{"title":"%title% %sep% %sitename%","description":"","focus_keyword":"","canonical_url":"","robots":"","primary_category":"1081","breadcrumb_title":"","facebook_title":"","facebook_description":"","facebook_image":"","facebook_image_id":"","twitter_title":"","twitter_description":"","twitter_image":"","twitter_image_id":"","twitter_card_type":"","twitter_use_facebook":"","advanced_robots":"","pillar_content":"","seo_score":"","contentai_score":"","rich_snippet":""},"_links":{"self":[{"href":"https:\/\/dailynewshungary.com\/de\/wp-json\/wp\/v2\/posts\/772730","targetHints":{"allow":["GET"]}}],"collection":[{"href":"https:\/\/dailynewshungary.com\/de\/wp-json\/wp\/v2\/posts"}],"about":[{"href":"https:\/\/dailynewshungary.com\/de\/wp-json\/wp\/v2\/types\/post"}],"author":[{"embeddable":true,"href":"https:\/\/dailynewshungary.com\/de\/wp-json\/wp\/v2\/users\/2"}],"replies":[{"embeddable":true,"href":"https:\/\/dailynewshungary.com\/de\/wp-json\/wp\/v2\/comments?post=772730"}],"version-history":[{"count":0,"href":"https:\/\/dailynewshungary.com\/de\/wp-json\/wp\/v2\/posts\/772730\/revisions"}],"wp:featuredmedia":[{"embeddable":true,"href":"https:\/\/dailynewshungary.com\/de\/wp-json\/wp\/v2\/media\/772731"}],"wp:attachment":[{"href":"https:\/\/dailynewshungary.com\/de\/wp-json\/wp\/v2\/media?parent=772730"}],"wp:term":[{"taxonomy":"category","embeddable":true,"href":"https:\/\/dailynewshungary.com\/de\/wp-json\/wp\/v2\/categories?post=772730"},{"taxonomy":"post_tag","embeddable":true,"href":"https:\/\/dailynewshungary.com\/de\/wp-json\/wp\/v2\/tags?post=772730"}],"curies":[{"name":"wp","href":"https:\/\/api.w.org\/{rel}","templated":true}]}}