{"id":772738,"date":"2014-06-11T08:02:35","date_gmt":"2014-06-11T06:02:35","guid":{"rendered":"https:\/\/dailynewshungary.com\/de\/personalminister-prasentiert-staatssekretarskandidaten\/"},"modified":"2014-06-11T08:02:35","modified_gmt":"2014-06-11T06:02:35","slug":"personalminister-prasentiert-staatssekretarskandidaten","status":"publish","type":"post","link":"https:\/\/dailynewshungary.com\/de\/personalminister-prasentiert-staatssekretarskandidaten\/","title":{"rendered":"Personalminister pr\u00e4sentiert Staatssekret\u00e4rskandidaten"},"content":{"rendered":"<p><strong>Budapest, 10. Juni (MTI) \u2013 Personalminister Zoltan Balog stellte am Dienstag seine Kandidaten f\u00fcr die Posten als Staatssekret\u00e4r vor.<\/strong><\/p>\n<p>Auf einer Pressekonferenz schlug Balog Bence Retvari als parlamentarischen Staatssekret\u00e4r und stellvertretenden Minister vor, Gyorgyi Lengyel Staatssekret\u00e4r f\u00fcr \u00f6ffentliche Verwaltung, Judit Czunyi Bertalan f\u00fcr \u00f6ffentliche Bildung, Istvan Simicsko f\u00fcr Sport, Miklos Soltesz f\u00fcr religi\u00f6se Angelegenheiten und Peter Hoppal f\u00fcr Kultur, Katalin Veres Novak von Jugend und Familie, Karoly Czibere von Wohlfahrt und sozialer Eingliederung und Gabor Zombor von Gesundheit.<\/p>\n<p>Ein weiterer Kandidat f\u00fcr das Amt des Staatssekret\u00e4rs f\u00fcr Hochschulbildung werde in einigen Wochen bekannt gegeben, sagte der Minister und f\u00fcgte hinzu, dass der Kandidat derzeit f\u00fcr ein internationales Unternehmen arbeite.<\/p>\n<p>Ein weiterer Staatssekret\u00e4r werde f\u00fcr die Mittel der Europ\u00e4ischen Union an Ungarn zust\u00e4ndig sein, der sp\u00e4ter ebenfalls benannt werde, Bevor eine Nominierung erfolgt, werde der stellvertretende Staatssekret\u00e4r Tamas Kopeczi-Bocz f\u00fcr das Gebiet zust\u00e4ndig sein, sagte Balog.<\/p>\n<p>Das zu Beginn des letzten Regierungszyklus eingerichtete Personalministerium werde seine Arbeit ohne gr\u00f6\u00dfere strukturelle Ver\u00e4nderungen fortsetzen, sagte Balog. Das Ministerium behalte seine Ziele bei, die k\u00f6rperliche und geistige Gesundheit von Menschen und Gemeinschaften zu st\u00e4rken und Familien zu st\u00e4rken, eine oberste Priorit\u00e4t f\u00fcr die Regierung, f\u00fcgte er hinzu.<\/p>\n<p>Die Staatssekret\u00e4re werden vom Pr\u00e4sidenten formell ernannt.<\/p>\n<p><em>Foto: MTI \u2013 Laszlo Beliczay<\/em><\/p>\n","protected":false},"excerpt":{"rendered":"<p>Budapest, 10. Juni (MTI) \u2013 Personalminister Zoltan Balog stellte am Dienstag seine Kandidaten f\u00fcr die Posten als Staatssekret\u00e4r vor. Auf einer Pressekonferenz schlug Balog Bence Retvari als parlamentarischen Staatssekret\u00e4r und stellvertretenden Minister vor, Gyorgyi Lengyel Staatssekret\u00e4r f\u00fcr \u00f6ffentliche Verwaltung, Judit Czunyi Bertalan f\u00fcr \u00f6ffentliche Bildung, Istvan Simicsko f\u00fcr Sport, Miklos Soltesz f\u00fcr religi\u00f6se Angelegenheiten und [&hellip;]<\/p>\n","protected":false},"author":2,"featured_media":772739,"comment_status":"open","ping_status":"open","sticky":false,"template":"","format":"standard","meta":{"_acf_changed":false,"_display_image":"","footnotes":""},"categories":[1081],"tags":[1066],"class_list":["post-772738","post","type-post","status-publish","format-standard","has-post-thumbnail","hentry","category-politik","tag-hungary"],"blocksy_meta":[],"acf":[],"author_username":"alk","telegram_post":"","public_post_metadata":{"breaking_news":"","important":"","csempe":"","center_tile":"","disable_thumbnail":"","target_lang":"","_featured_image_style":"","telegram_post":"","_xlat_group_id":""},"public_rank_math_data":{"title":"%title% %sep% %sitename%","description":"","focus_keyword":"","canonical_url":"","robots":"","primary_category":"1081","breadcrumb_title":"","facebook_title":"","facebook_description":"","facebook_image":"","facebook_image_id":"","twitter_title":"","twitter_description":"","twitter_image":"","twitter_image_id":"","twitter_card_type":"","twitter_use_facebook":"","advanced_robots":"","pillar_content":"","seo_score":"","contentai_score":"","rich_snippet":""},"_links":{"self":[{"href":"https:\/\/dailynewshungary.com\/de\/wp-json\/wp\/v2\/posts\/772738","targetHints":{"allow":["GET"]}}],"collection":[{"href":"https:\/\/dailynewshungary.com\/de\/wp-json\/wp\/v2\/posts"}],"about":[{"href":"https:\/\/dailynewshungary.com\/de\/wp-json\/wp\/v2\/types\/post"}],"author":[{"embeddable":true,"href":"https:\/\/dailynewshungary.com\/de\/wp-json\/wp\/v2\/users\/2"}],"replies":[{"embeddable":true,"href":"https:\/\/dailynewshungary.com\/de\/wp-json\/wp\/v2\/comments?post=772738"}],"version-history":[{"count":0,"href":"https:\/\/dailynewshungary.com\/de\/wp-json\/wp\/v2\/posts\/772738\/revisions"}],"wp:featuredmedia":[{"embeddable":true,"href":"https:\/\/dailynewshungary.com\/de\/wp-json\/wp\/v2\/media\/772739"}],"wp:attachment":[{"href":"https:\/\/dailynewshungary.com\/de\/wp-json\/wp\/v2\/media?parent=772738"}],"wp:term":[{"taxonomy":"category","embeddable":true,"href":"https:\/\/dailynewshungary.com\/de\/wp-json\/wp\/v2\/categories?post=772738"},{"taxonomy":"post_tag","embeddable":true,"href":"https:\/\/dailynewshungary.com\/de\/wp-json\/wp\/v2\/tags?post=772738"}],"curies":[{"name":"wp","href":"https:\/\/api.w.org\/{rel}","templated":true}]}}