{"id":772742,"date":"2014-06-10T23:30:31","date_gmt":"2014-06-10T21:30:31","guid":{"rendered":"https:\/\/dailynewshungary.com\/de\/der-gesetzgeber-genehmigt-eine-anderung-des-wahlsystems-der-kommunalverwaltung\/"},"modified":"2014-06-10T23:30:31","modified_gmt":"2014-06-10T21:30:31","slug":"der-gesetzgeber-genehmigt-eine-anderung-des-wahlsystems-der-kommunalverwaltung","status":"publish","type":"post","link":"https:\/\/dailynewshungary.com\/de\/der-gesetzgeber-genehmigt-eine-anderung-des-wahlsystems-der-kommunalverwaltung\/","title":{"rendered":"Der Gesetzgeber genehmigt eine \u00c4nderung des Wahlsystems der Kommunalverwaltung"},"content":{"rendered":"<p><strong>Budapest, 10. Juni (MTI) \u2013 Das Parlament hat heute einer \u00c4nderung des Gesetzes \u00fcber das Wahlsystem der Kommunalverwaltung zugestimmt, sodass neben dem Stadtb\u00fcrgermeister 23 Bezirksb\u00fcrgermeister und 9 Vertreter von Parteilisten in der Budapester Versammlung vertreten sind.<\/strong><\/p>\n<p>Die Mandate werden entsprechend dem Gewicht der einzelnen Bezirke im Hinblick auf ihre Bev\u00f6lkerung verteilt.<\/p>\n<p>Der von der Fidesz unterst\u00fctzte Gesetzentwurf wurde mit 133 Ja-Stimmen und 53 Nein-Stimmen angenommen.<\/p>\n<p>Neben anderen \u00c4nderungen wird auch ein System der doppelten Mehrheit eingef\u00fchrt, Neben einer einfachen Mehrheit in der Versammlung soll die Mehrheit auch mehr als die H\u00e4lfte der Budapester vertreten.<\/p>\n<p><em>Foto: MTI \u2013 Attila Kovacs<\/em><\/p>\n","protected":false},"excerpt":{"rendered":"<p>Budapest, 10. Juni (MTI) \u2013 Das Parlament hat heute einer \u00c4nderung des Gesetzes \u00fcber das Wahlsystem der Kommunalverwaltung zugestimmt, sodass neben dem Stadtb\u00fcrgermeister 23 Bezirksb\u00fcrgermeister und 9 Vertreter von Parteilisten in der Budapester Versammlung vertreten sind. Die Mandate werden entsprechend dem Gewicht der einzelnen Bezirke im Hinblick auf ihre Bev\u00f6lkerung verteilt. Der von der Fidesz [&hellip;]<\/p>\n","protected":false},"author":2,"featured_media":772743,"comment_status":"open","ping_status":"open","sticky":false,"template":"","format":"standard","meta":{"_acf_changed":false,"_display_image":"","footnotes":""},"categories":[1081],"tags":[1091],"class_list":["post-772742","post","type-post","status-publish","format-standard","has-post-thumbnail","hentry","category-politik","tag-fidesz"],"blocksy_meta":[],"acf":[],"author_username":"alk","telegram_post":"","public_post_metadata":{"breaking_news":"","important":"","csempe":"","center_tile":"","disable_thumbnail":"","target_lang":"","_featured_image_style":"","telegram_post":"","_xlat_group_id":""},"public_rank_math_data":{"title":"%title% %sep% %sitename%","description":"","focus_keyword":"","canonical_url":"","robots":"","primary_category":"1081","breadcrumb_title":"","facebook_title":"","facebook_description":"","facebook_image":"","facebook_image_id":"","twitter_title":"","twitter_description":"","twitter_image":"","twitter_image_id":"","twitter_card_type":"","twitter_use_facebook":"","advanced_robots":"","pillar_content":"","seo_score":"","contentai_score":"","rich_snippet":""},"_links":{"self":[{"href":"https:\/\/dailynewshungary.com\/de\/wp-json\/wp\/v2\/posts\/772742","targetHints":{"allow":["GET"]}}],"collection":[{"href":"https:\/\/dailynewshungary.com\/de\/wp-json\/wp\/v2\/posts"}],"about":[{"href":"https:\/\/dailynewshungary.com\/de\/wp-json\/wp\/v2\/types\/post"}],"author":[{"embeddable":true,"href":"https:\/\/dailynewshungary.com\/de\/wp-json\/wp\/v2\/users\/2"}],"replies":[{"embeddable":true,"href":"https:\/\/dailynewshungary.com\/de\/wp-json\/wp\/v2\/comments?post=772742"}],"version-history":[{"count":0,"href":"https:\/\/dailynewshungary.com\/de\/wp-json\/wp\/v2\/posts\/772742\/revisions"}],"wp:featuredmedia":[{"embeddable":true,"href":"https:\/\/dailynewshungary.com\/de\/wp-json\/wp\/v2\/media\/772743"}],"wp:attachment":[{"href":"https:\/\/dailynewshungary.com\/de\/wp-json\/wp\/v2\/media?parent=772742"}],"wp:term":[{"taxonomy":"category","embeddable":true,"href":"https:\/\/dailynewshungary.com\/de\/wp-json\/wp\/v2\/categories?post=772742"},{"taxonomy":"post_tag","embeddable":true,"href":"https:\/\/dailynewshungary.com\/de\/wp-json\/wp\/v2\/tags?post=772742"}],"curies":[{"name":"wp","href":"https:\/\/api.w.org\/{rel}","templated":true}]}}