{"id":772766,"date":"2014-06-09T08:02:42","date_gmt":"2014-06-09T06:02:42","guid":{"rendered":"https:\/\/dailynewshungary.com\/de\/sozialisten-protestieren-gegen-istvan-theis-denkmal-in-der-nahe-des-parlaments\/"},"modified":"2014-06-09T08:02:42","modified_gmt":"2014-06-09T06:02:42","slug":"sozialisten-protestieren-gegen-istvan-theis-denkmal-in-der-nahe-des-parlaments","status":"publish","type":"post","link":"https:\/\/dailynewshungary.com\/de\/sozialisten-protestieren-gegen-istvan-theis-denkmal-in-der-nahe-des-parlaments\/","title":{"rendered":"Sozialisten protestieren gegen Istvan Thei\u00df-Denkmal in der N\u00e4he des Parlaments"},"content":{"rendered":"<p><strong>(MTI) \u2013 Die oppositionelle Sozialistische Partei hat ihre Einw\u00e4nde gegen die Errichtung eines Denkmals f\u00fcr den ehemaligen Premierminister Istvan Thei\u00df auf dem Kossuth-Platz ge\u00e4u\u00dfert.<\/strong><\/p>\n<p>In einer Erkl\u00e4rung, die von den sozialistischen F\u00fchrern Laszlo Botka, Jozsef Tobias und Istvan Hiller unterzeichnet und am Sonntag an MTI geschickt wurde, sagte die Partei, dass Thei\u00df \u201edie Einheit der Nation nicht zum Ausdruck gebracht habe; er mochte keine fortschrittlichen K\u00f6pfe und fortschrittliche K\u00f6pfe nicht.\u201cmochte ihn nicht\u201d.<\/p>\n<p>Nach Ansicht der Sozialisten sollte stattdessen in der N\u00e4he des Parlaments ein Denkmal f\u00fcr Ferenc Deak (1803-1876) errichtet werden, da sein Leben und seine Leistung \u201czweifellos besser\u201d den nationalen Zusammenhalt darstellten, hei\u00dft es in der Erkl\u00e4rung.<\/p>\n<p>Die Sozialisten werden am Montag nicht an der Enth\u00fcllungszeremonie des rekonstruierten Denkmals von Thei\u00df teilnehmen, einer Veranstaltung, die von Premierminister Viktor Orban gehalten wird.<\/p>\n<p>Thei\u00df war zwischen 1903 und 1905 Ministerpr\u00e4sident Ungarns, von 1913 bis 1917, im Oktober 1918 wurde er ermordet.<\/p>\n<p><em>Foto: MTI \u2013 Peter Lakatos<\/em><\/p>\n","protected":false},"excerpt":{"rendered":"<p>(MTI) \u2013 Die oppositionelle Sozialistische Partei hat ihre Einw\u00e4nde gegen die Errichtung eines Denkmals f\u00fcr den ehemaligen Premierminister Istvan Thei\u00df auf dem Kossuth-Platz ge\u00e4u\u00dfert. In einer Erkl\u00e4rung, die von den sozialistischen F\u00fchrern Laszlo Botka, Jozsef Tobias und Istvan Hiller unterzeichnet und am Sonntag an MTI geschickt wurde, sagte die Partei, dass Thei\u00df \u201edie Einheit der [&hellip;]<\/p>\n","protected":false},"author":2,"featured_media":772767,"comment_status":"open","ping_status":"open","sticky":false,"template":"","format":"standard","meta":{"_acf_changed":false,"_display_image":"","footnotes":""},"categories":[1081],"tags":[1695],"class_list":["post-772766","post","type-post","status-publish","format-standard","has-post-thumbnail","hentry","category-politik","tag-sozialisten"],"blocksy_meta":[],"acf":[],"author_username":"alk","telegram_post":"","public_post_metadata":{"breaking_news":"","important":"","csempe":"","center_tile":"","disable_thumbnail":"","target_lang":"","_featured_image_style":"","telegram_post":"","_xlat_group_id":""},"public_rank_math_data":{"title":"%title% %sep% %sitename%","description":"","focus_keyword":"","canonical_url":"","robots":"","primary_category":"1081","breadcrumb_title":"","facebook_title":"","facebook_description":"","facebook_image":"","facebook_image_id":"","twitter_title":"","twitter_description":"","twitter_image":"","twitter_image_id":"","twitter_card_type":"","twitter_use_facebook":"","advanced_robots":"","pillar_content":"","seo_score":"","contentai_score":"","rich_snippet":""},"_links":{"self":[{"href":"https:\/\/dailynewshungary.com\/de\/wp-json\/wp\/v2\/posts\/772766","targetHints":{"allow":["GET"]}}],"collection":[{"href":"https:\/\/dailynewshungary.com\/de\/wp-json\/wp\/v2\/posts"}],"about":[{"href":"https:\/\/dailynewshungary.com\/de\/wp-json\/wp\/v2\/types\/post"}],"author":[{"embeddable":true,"href":"https:\/\/dailynewshungary.com\/de\/wp-json\/wp\/v2\/users\/2"}],"replies":[{"embeddable":true,"href":"https:\/\/dailynewshungary.com\/de\/wp-json\/wp\/v2\/comments?post=772766"}],"version-history":[{"count":0,"href":"https:\/\/dailynewshungary.com\/de\/wp-json\/wp\/v2\/posts\/772766\/revisions"}],"wp:featuredmedia":[{"embeddable":true,"href":"https:\/\/dailynewshungary.com\/de\/wp-json\/wp\/v2\/media\/772767"}],"wp:attachment":[{"href":"https:\/\/dailynewshungary.com\/de\/wp-json\/wp\/v2\/media?parent=772766"}],"wp:term":[{"taxonomy":"category","embeddable":true,"href":"https:\/\/dailynewshungary.com\/de\/wp-json\/wp\/v2\/categories?post=772766"},{"taxonomy":"post_tag","embeddable":true,"href":"https:\/\/dailynewshungary.com\/de\/wp-json\/wp\/v2\/tags?post=772766"}],"curies":[{"name":"wp","href":"https:\/\/api.w.org\/{rel}","templated":true}]}}