{"id":773021,"date":"2025-05-17T16:34:00","date_gmt":"2025-05-17T14:34:00","guid":{"rendered":"https:\/\/dailynewshungary.com\/de\/ungarischer-vizeprasident-bekraftigt-unterstutzung-fur-aserbaidschan-bei-offiziellem-besuch\/"},"modified":"2025-05-17T16:34:00","modified_gmt":"2025-05-17T14:34:00","slug":"ungarischer-vizeprasident-bekraftigt-unterstutzung-fur-aserbaidschan-bei-offiziellem-besuch","status":"publish","type":"post","link":"https:\/\/dailynewshungary.com\/de\/ungarischer-vizeprasident-bekraftigt-unterstutzung-fur-aserbaidschan-bei-offiziellem-besuch\/","title":{"rendered":"Ungarischer Vizepr\u00e4sident bekr\u00e4ftigt Unterst\u00fctzung f\u00fcr Aserbaidschan bei offiziellem Besuch"},"content":{"rendered":"<p><strong>S\u00e1ndor Lezs\u00e1k, der stellvertretende Sprecher des ungarischen Parlaments, hat Aserbaidschan einen offiziellen Besuch abgestattet, teilte die Pressestelle des Parlaments am Freitag der MTI mit.<\/strong><\/p>\n\n\n\n<p>W\u00e4hrend des dreit\u00e4gigen Besuchs h\u00e4tten beide Seiten die Beziehungen zwischen der EU und Aserbaidschan er\u00f6rtert, so das B\u00fcro. Bei den Treffen versicherte <a href=\"https:\/\/www.facebook.com\/lezsaksandoroldala\/?locale=hu_HU\" target=\"_blank\" rel=\"noopener\">Lezs\u00e1k<\/a>, dass Ungarn in Zukunft keinen Vorschlag in der EU unterst\u00fctzen werde, der den Interessen gleichgesinnter L\u00e4nder wie Aserbaidschan und der Turkstaaten schaden w\u00fcrde.<\/p>\n\n\n\n<p>In Nachitschewan besprachen Lezs\u00e1k und f\u00fchrende Vertreter der Neumann-Stiftung mit Sitz im zentralungarischen Kecskem\u00e9t mit dem Rektor und Vertretern der staatlichen Universit\u00e4t weitere M\u00f6glichkeiten der Zusammenarbeit. Geplant ist unter anderem die Organisation einer internationalen wissenschaftlichen Konferenz mit dem Titel &#8220;Was hat J\u00e1nos Neumann f\u00fcr die Welt geleistet?<\/p>\n\n\n\n<iframe loading=\"lazy\" src=\"https:\/\/www.facebook.com\/plugins\/post.php?href=https%3A%2F%2Fwww.facebook.com%2Flezsaksandoroldala%2Fposts%2Fpfbid0upguNRq6KECzgxXiZTH62dT1jdY4LYcHunQcw2DRJ15YhewrYQxox8cygoWraGEsl&#038;show_text=true&#038;width=500\" width=\"500\" height=\"645\" style=\"border:none;overflow:hidden\" scrolling=\"no\" frameborder=\"0\" allowfullscreen=\"true\" allow=\"autoplay; clipboard-write; encrypted-media; picture-in-picture; web-share\"><\/iframe>\n\n\n\n<p>In Baku f\u00fchrte Lezs\u00e1k Gespr\u00e4che mit <a href=\"https:\/\/www.facebook.com\/SpeakerAz\/?locale=hu_HU\" target=\"_blank\" rel=\"noopener\">Sahiba Gafarova<\/a>, der Vorsitzenden der Nationalversammlung von Aserbaidschan, die die Bedeutung der strategischen Zusammenarbeit beider L\u00e4nder in der Praxis bekr\u00e4ftigte und andeutete, dass sie neue M\u00f6glichkeiten f\u00fcr den Ausbau der interparlamentarischen Beziehungen sieht.<\/p>\n\n\n\n<p>Lesen Sie mehr \u00fcber die aserbaidschanisch-ungarischen Beziehungen <strong><a href=\"https:\/\/dailynewshungary.com\/tag\/azerbaijan\/\">HIER<\/a><\/strong>.<\/p>\n\n\n\n<p><strong>Lesen Sie auch:<\/strong><\/p>\n\n\n\n<ul class=\"wp-block-list\">\n<li><a href=\"https:\/\/dailynewshungary.com\/de\/aserbaidschan-liefert-zum-ersten-mal-in-der-geschichte-gas-nach-ungarn\/\">Aserbaidschan liefert zum ersten Mal in der Geschichte Gas nach Ungarn<\/a><\/li>\n\n\n\n<li><a href=\"https:\/\/dailynewshungary.com\/de\/ungarisch-turkischer-kultur-hochschul-und-innovationsgipfel-in-budapest\/\">Ungarisch-t\u00fcrkisches Gipfeltreffen zu Kultur, Hochschulbildung und Innovation in Budapest<\/a><\/li>\n<\/ul>\n","protected":false},"excerpt":{"rendered":"<p>S\u00e1ndor Lezs\u00e1k, der stellvertretende Sprecher des ungarischen Parlaments, hat Aserbaidschan einen offiziellen Besuch abgestattet, teilte die Pressestelle des Parlaments am Freitag der MTI mit. W\u00e4hrend des dreit\u00e4gigen Besuchs h\u00e4tten beide Seiten die Beziehungen zwischen der EU und Aserbaidschan er\u00f6rtert, so das B\u00fcro. Bei den Treffen versicherte Lezs\u00e1k, dass Ungarn in Zukunft keinen Vorschlag in der [&hellip;]<\/p>\n","protected":false},"author":33,"featured_media":773022,"comment_status":"open","ping_status":"open","sticky":false,"template":"","format":"standard","meta":{"_acf_changed":false,"_display_image":"yes","footnotes":""},"categories":[1101],"tags":[1237,1132,1082,1622,1076],"class_list":["post-773021","post","type-post","status-publish","format-standard","has-post-thumbnail","hentry","category-flashnews","tag-aserbaidschan","tag-diplomatie","tag-europaische-union","tag-turkischer-rat","tag-ungarn"],"blocksy_meta":[],"acf":[],"author_username":"ugyelet","telegram_post":"","public_post_metadata":{"breaking_news":"yes","important":"no","csempe":"no","center_tile":"no","disable_thumbnail":"no","target_lang":"","_featured_image_style":"default","telegram_post":"","_xlat_group_id":""},"public_rank_math_data":{"title":"%title% %sep% %sitename%","description":"","focus_keyword":"Aserbaidschan","canonical_url":"","robots":"","primary_category":"1101","breadcrumb_title":"","facebook_title":"","facebook_description":"","facebook_image":"","facebook_image_id":"","twitter_title":"","twitter_description":"","twitter_image":"","twitter_image_id":"","twitter_card_type":"","twitter_use_facebook":"","advanced_robots":"","pillar_content":"","seo_score":"72","contentai_score":"","rich_snippet":""},"_links":{"self":[{"href":"https:\/\/dailynewshungary.com\/de\/wp-json\/wp\/v2\/posts\/773021","targetHints":{"allow":["GET"]}}],"collection":[{"href":"https:\/\/dailynewshungary.com\/de\/wp-json\/wp\/v2\/posts"}],"about":[{"href":"https:\/\/dailynewshungary.com\/de\/wp-json\/wp\/v2\/types\/post"}],"author":[{"embeddable":true,"href":"https:\/\/dailynewshungary.com\/de\/wp-json\/wp\/v2\/users\/33"}],"replies":[{"embeddable":true,"href":"https:\/\/dailynewshungary.com\/de\/wp-json\/wp\/v2\/comments?post=773021"}],"version-history":[{"count":0,"href":"https:\/\/dailynewshungary.com\/de\/wp-json\/wp\/v2\/posts\/773021\/revisions"}],"wp:featuredmedia":[{"embeddable":true,"href":"https:\/\/dailynewshungary.com\/de\/wp-json\/wp\/v2\/media\/773022"}],"wp:attachment":[{"href":"https:\/\/dailynewshungary.com\/de\/wp-json\/wp\/v2\/media?parent=773021"}],"wp:term":[{"taxonomy":"category","embeddable":true,"href":"https:\/\/dailynewshungary.com\/de\/wp-json\/wp\/v2\/categories?post=773021"},{"taxonomy":"post_tag","embeddable":true,"href":"https:\/\/dailynewshungary.com\/de\/wp-json\/wp\/v2\/tags?post=773021"}],"curies":[{"name":"wp","href":"https:\/\/api.w.org\/{rel}","templated":true}]}}