{"id":773753,"date":"2025-06-05T07:34:00","date_gmt":"2025-06-05T05:34:00","guid":{"rendered":"https:\/\/dailynewshungary.com\/de\/ungarische-regierung-ukraine-krieg-bewegt-sich-nicht-in-richtung-frieden\/"},"modified":"2025-06-05T07:34:00","modified_gmt":"2025-06-05T05:34:00","slug":"ungarische-regierung-ukraine-krieg-bewegt-sich-nicht-in-richtung-frieden","status":"publish","type":"post","link":"https:\/\/dailynewshungary.com\/de\/ungarische-regierung-ukraine-krieg-bewegt-sich-nicht-in-richtung-frieden\/","title":{"rendered":"Ungarische Regierung: Ukraine-Krieg bewegt sich nicht in Richtung Frieden"},"content":{"rendered":"<p><strong>Der Krieg in der Ukraine &#8220;bewegt sich nicht in Richtung Frieden&#8221; und die Wahrscheinlichkeit einer schnellen Friedensl\u00f6sung ist durch die Ereignisse der letzten Woche gesunken, sagte Gergely Guly\u00e1s, der Leiter des B\u00fcros des Premierministers, am Mittwoch bei einer Pressekonferenz der Regierung.<\/strong><\/p>\n\n\n\n<p>Br\u00fcssel, so f\u00fcgte er hinzu, &#8220;unterst\u00fctzt keine Friedensgespr\u00e4che, sondern unterst\u00fctzt weiterhin den Krieg&#8221;. <a href=\"https:\/\/www.facebook.com\/gergely.gulyas.585\/?locale=hu_HU\" target=\"_blank\" rel=\"noopener\">Guly\u00e1s<\/a> sagte, das Ergebnis der Pr\u00e4sidentschaftswahlen in Polen gebe jedoch &#8220;Anlass zur Hoffnung&#8221;, dass sich in Europa andere Ansichten durchsetzen k\u00f6nnten.<\/p>\n\n\n\n<p>In der Zwischenzeit sagte er, dass ungarische Geheimdienstbeamte die Minister \u00fcber die &#8220;ausl\u00e4ndische Finanzierung von Kriegspropaganda&#8221; in Ungarn informiert h\u00e4tten, die ihren Ursprung in der Ukraine, Russland und anderswo habe. &#8220;Es ist eindeutig der Fall, dass Journalisten in Ungarn daf\u00fcr bezahlt werden, die Kriegspropaganda beider L\u00e4nder zu verbreiten&#8221;, sagte er.<\/p>\n\n\n\n<h2 class=\"wp-block-heading\">Guly\u00e1s: Pride March &#8216;kann im Einklang mit dem Kinderschutzgesetz abgehalten werden&#8217;<\/h2>\n\n\n\n<p>Die Regierung vertrete den Standpunkt, dass der Pride March im Einklang mit dem ungarischen Kinderschutzgesetz abgehalten werden k\u00f6nne, sagte Guly\u00e1s und f\u00fcgte hinzu, die Frage sei, &#8220;ob das Ziel der Organisatoren darin bestand, zu provozieren oder die Veranstaltung rechtm\u00e4\u00dfig abzuhalten.&#8221;<\/p>\n\n\n\n<p>Guly\u00e1s sagte auf einer Pressekonferenz der Regierung, dass die Regierung angesichts des gestiegenen Interesses an der Angelegenheit in der Presse und auf internationaler Ebene an ihrem Standpunkt festhalte, das Kinderschutzgesetz durchzusetzen. &#8220;Die Regierung will sich f\u00fcr den Schutz von Kindern einsetzen, nicht gegen sexuelle Minderheiten&#8221;, sagte er.<\/p>\n\n\n\n<p>&#8220;Die Regierung ist der festen \u00dcberzeugung, dass es m\u00f6glich ist, den Marsch im Einklang mit dem Gesetz abzuhalten. Deshalb wurde den Organisatoren der Kincsem-Park als Veranstaltungsort angeboten, aber es steht ihnen frei, einen anderen Ort zu w\u00e4hlen&#8221;, sagte er und bezog sich dabei auf eine Pferderennbahn und einen Reitplatz im 10.<\/p>\n\n\n\n<p>Die Frage sei, so Guly\u00e1s, ob es den Veranstaltern darum gehe, die Veranstaltung rechtm\u00e4\u00dfig durchzuf\u00fchren oder eine Provokation zu inszenieren. Ersteres sei in Zusammenarbeit mit den Beh\u00f6rden m\u00f6glich.<\/p>\n\n\n\n<h2 class=\"wp-block-heading\">Guly\u00e1s: &#8216;Kar\u00e1csony-Tisza-Koalition&#8217; hat die Hauptstadt in weniger als einem Jahr in den Ruin getrieben<\/h2>\n\n\n\n<p>Die &#8220;Koalition&#8221; des Budapester B\u00fcrgermeisters <a href=\"https:\/\/www.facebook.com\/karacsonygergely\/?locale=hu_HU\" target=\"_blank\" rel=\"noopener\">Gergely Kar\u00e1csony<\/a> und der oppositionellen <a href=\"https:\/\/www.facebook.com\/magyartisza?locale=hu_HU\" target=\"_blank\" rel=\"noopener\">Thei\u00df-Partei<\/a> hat &#8220;Budapest in weniger als einem Jahr in den Ruin getrieben&#8221;, sagte Guly\u00e1s und f\u00fcgte hinzu, dass die Verantwortung allein bei der F\u00fchrung der Hauptstadt liege. Die Regierung, so Guly\u00e1s, sei &#8220;bereit zu helfen&#8221;, aber zun\u00e4chst m\u00fcssten die Vorg\u00e4nge in der Hauptstadt untersucht werden.<\/p>\n\n\n\n<p>Vor sechs Jahren verf\u00fcgte Budapest noch \u00fcber gro\u00dfe Reserven, sagte Guly\u00e1s. Selbst im letzten Jahr war die Zahlungsunf\u00e4higkeit kein Thema, und die &#8220;Kar\u00e1csony-Tisza-Koalition hat die Stadt nach eigenem Eingest\u00e4ndnis in weniger als einem Jahr in den Bankrott getrieben&#8221;, f\u00fcgte er hinzu. Die Einwohner Budapests w\u00fcrden die Konsequenzen tragen, sagte er, f\u00fcgte aber hinzu, dass die Regierung bereit sei, einzugreifen und Hilfe zu leisten.<\/p>\n\n\n\n<p>Zuvor m\u00fcsse jedoch untersucht werden, warum die F\u00fchrung der Stadt es vers\u00e4umt habe, ihre Finanzen zu verwalten, selbst wenn die Einnahmen aus der Gewerbesteuer &#8220;viel st\u00e4rker als der Solidarit\u00e4tszuschlag&#8221; gewachsen seien. <a href=\"https:\/\/www.facebook.com\/latorcaicsaba\/?locale=hu_HU\" target=\"_blank\" rel=\"noopener\">Csaba Latorcai<\/a>, der Staatssekret\u00e4r des Premierministers f\u00fcr \u00f6ffentliche Verwaltung und regionale Entwicklung, wird die Untersuchung leiten, sagte er.<\/p>\n\n\n\n<h2 class=\"wp-block-heading\">Guly\u00e1s: Praid-Katastrophe &#8211; Ungarische Regierung bietet jede Hilfe an<\/h2>\n\n\n\n<p>Die Katastrophe im rum\u00e4nischen Salzbergwerk Praid sei &#8220;eindeutig&#8221; auf menschliche Fahrl\u00e4ssigkeit zur\u00fcckzuf\u00fchren, sagte Guly\u00e1s und f\u00fcgte hinzu, dass die ungarische Regierung jede erdenkliche Hilfe leiste.<\/p>\n\n\n\n<p>Bei der Kabinettssitzung am Mittwoch diskutierte die Regierung \u00fcber die Naturkatastrophen im Szeklerland und h\u00f6rte einen Bericht von Botond Barna Biro, dem Leiter des Komitatsrates von Harghita, sagte Guly\u00e1s.<\/p>\n\n\n\n<p>Er sagte, es sei &#8220;klar&#8221;, dass die Katastrophe h\u00e4tte vermieden werden k\u00f6nnen, wenn der Fluss oberhalb der Mine rechtzeitig umgeleitet worden w\u00e4re. &#8220;Dies ist ein gro\u00dfes menschliches Vers\u00e4umnis&#8221;, sagte er und f\u00fcgte hinzu, dass die Identifizierung der Verantwortlichen eine Aufgabe f\u00fcr die rum\u00e4nischen Beh\u00f6rden sei.<\/p>\n\n\n\n<p>Die ungarische Regierung steht in Kontakt mit der Demokratischen Allianz der Ungarn in Rum\u00e4nien (RMDSZ) und dem Kreisrat von Harghita und ist bereit, jede erdenkliche Hilfe zu leisten, sagte er.<\/p>\n\n\n\n<p>Ungarische Forscher nehmen an dem Programm zur \u00dcberwachung der Weltraumgeod\u00e4sie teil, das die Arbeit vor Ort unterst\u00fctzt, und ungarische Experten f\u00fcr Wasserwirtschaft und Katastrophenmanagement sind in der Region eingetroffen, sagte er.<\/p>\n\n\n\n<p><a href=\"https:\/\/www.facebook.com\/NacsaLorinc\/?locale=hu_HU\" target=\"_blank\" rel=\"noopener\">L\u0151rinc Nacsa<\/a>, der Staatssekret\u00e4r f\u00fcr die Politik f\u00fcr Ungarn jenseits der Grenzen, vertritt die Regierung vor Ort, f\u00fcgte er hinzu. Die Regierung hat 10 Millionen Forint (25.000 EUR) als Eilhilfe bereitgestellt, und auch die ungarische zwischenkirchliche Hilfe hat eine Hilfsaktion gestartet, f\u00fcgte Guly\u00e1s hinzu.<\/p>\n\n\n\n<p>Lesen Sie <a href=\"https:\/\/dailynewshungary.com\/tag\/hungarian-government\/\">HIER<\/a> weitere Nachrichten \u00fcber die ungarische Regierung.<\/p>\n\n\n\n<p><strong>Lesen Sie auch:<\/strong><\/p>\n\n\n\n<ul class=\"wp-block-list\">\n<li><a href=\"https:\/\/dailynewshungary.com\/de\/was-ist-in-den-planen-orban-ladt-den-umstrittenen-bosnischen-serbenfuhrer-dodik-nach-ungarn-ein\/\">Was ist in den Pl\u00e4nen? Orb\u00e1n l\u00e4dt den umstrittenen bosnischen Serbenf\u00fchrer Dodik nach Ungarn ein<\/a><\/li>\n<\/ul>\n","protected":false},"excerpt":{"rendered":"<p>Der Krieg in der Ukraine &#8220;bewegt sich nicht in Richtung Frieden&#8221; und die Wahrscheinlichkeit einer schnellen Friedensl\u00f6sung ist durch die Ereignisse der letzten Woche gesunken, sagte Gergely Guly\u00e1s, der Leiter des B\u00fcros des Premierministers, am Mittwoch bei einer Pressekonferenz der Regierung. Br\u00fcssel, so f\u00fcgte er hinzu, &#8220;unterst\u00fctzt keine Friedensgespr\u00e4che, sondern unterst\u00fctzt weiterhin den Krieg&#8221;. Guly\u00e1s [&hellip;]<\/p>\n","protected":false},"author":33,"featured_media":773754,"comment_status":"open","ping_status":"open","sticky":false,"template":"","format":"standard","meta":{"_acf_changed":false,"_display_image":"yes","footnotes":""},"categories":[1081],"tags":[1111,1082,1083,1102,1076],"class_list":["post-773753","post","type-post","status-publish","format-standard","has-post-thumbnail","hentry","category-politik","tag-budapest","tag-europaische-union","tag-peter-magyar-und-die-tisza-partei","tag-ungarische-regierung","tag-ungarn"],"blocksy_meta":[],"acf":[],"author_username":"ugyelet","telegram_post":"","public_post_metadata":{"breaking_news":"yes","important":"no","csempe":"no","center_tile":"no","disable_thumbnail":"no","target_lang":"","_featured_image_style":"default","telegram_post":"","_xlat_group_id":""},"public_rank_math_data":{"title":"%title% %sep% %sitename%","description":"","focus_keyword":"regierung","canonical_url":"","robots":"","primary_category":"1081","breadcrumb_title":"","facebook_title":"","facebook_description":"","facebook_image":"","facebook_image_id":"","twitter_title":"","twitter_description":"","twitter_image":"","twitter_image_id":"","twitter_card_type":"","twitter_use_facebook":"","advanced_robots":"","pillar_content":"","seo_score":"81","contentai_score":"","rich_snippet":""},"_links":{"self":[{"href":"https:\/\/dailynewshungary.com\/de\/wp-json\/wp\/v2\/posts\/773753","targetHints":{"allow":["GET"]}}],"collection":[{"href":"https:\/\/dailynewshungary.com\/de\/wp-json\/wp\/v2\/posts"}],"about":[{"href":"https:\/\/dailynewshungary.com\/de\/wp-json\/wp\/v2\/types\/post"}],"author":[{"embeddable":true,"href":"https:\/\/dailynewshungary.com\/de\/wp-json\/wp\/v2\/users\/33"}],"replies":[{"embeddable":true,"href":"https:\/\/dailynewshungary.com\/de\/wp-json\/wp\/v2\/comments?post=773753"}],"version-history":[{"count":0,"href":"https:\/\/dailynewshungary.com\/de\/wp-json\/wp\/v2\/posts\/773753\/revisions"}],"wp:featuredmedia":[{"embeddable":true,"href":"https:\/\/dailynewshungary.com\/de\/wp-json\/wp\/v2\/media\/773754"}],"wp:attachment":[{"href":"https:\/\/dailynewshungary.com\/de\/wp-json\/wp\/v2\/media?parent=773753"}],"wp:term":[{"taxonomy":"category","embeddable":true,"href":"https:\/\/dailynewshungary.com\/de\/wp-json\/wp\/v2\/categories?post=773753"},{"taxonomy":"post_tag","embeddable":true,"href":"https:\/\/dailynewshungary.com\/de\/wp-json\/wp\/v2\/tags?post=773753"}],"curies":[{"name":"wp","href":"https:\/\/api.w.org\/{rel}","templated":true}]}}