{"id":776716,"date":"2025-08-26T14:34:00","date_gmt":"2025-08-26T12:34:00","guid":{"rendered":"https:\/\/dailynewshungary.com\/de\/heisluftballon-macht-notlandung-zwischen-hausern-in-zweitgroster-ungarischer-stadt\/"},"modified":"2025-08-26T14:34:00","modified_gmt":"2025-08-26T12:34:00","slug":"heisluftballon-macht-notlandung-zwischen-hausern-in-zweitgroster-ungarischer-stadt","status":"publish","type":"post","link":"https:\/\/dailynewshungary.com\/de\/heisluftballon-macht-notlandung-zwischen-hausern-in-zweitgroster-ungarischer-stadt\/","title":{"rendered":"Hei\u00dfluftballon macht Notlandung zwischen H\u00e4usern in zweitgr\u00f6\u00dfter ungarischer Stadt"},"content":{"rendered":"<p><strong>Die Bewohner eines Vorstadtviertels in Debrecen wurden am Sonntagabend Zeugen eines ungew\u00f6hnlichen und beunruhigenden Anblicks, als ein Hei\u00dfluftballon zu einer Notlandung zwischen Wohnh\u00e4usern gezwungen war.<\/strong><\/p>\n\n\n\n<h2 class=\"wp-block-heading\">Sechs Passagiere und ein Pilot reisten in dem Ballon<\/h2>\n\n\n\n<p>Der Ballon mit sechs Passagieren und einem Piloten an Bord war am fr\u00fchen Abend zu einem einst\u00fcndigen Rundflug von einem Feld in der N\u00e4he einer Autobahn gestartet. W\u00e4hrend die Wetterbedingungen zun\u00e4chst g\u00fcnstig schienen, dr\u00fcckten wechselnde Winde das Fahrzeug in Richtung der Stadt, so dass es dem Piloten unm\u00f6glich war, auf offenes Gel\u00e4nde zur\u00fcckzufahren, <a href=\"https:\/\/rtl.hu\/hirado\/2025\/08\/25\/holegballon-kenyszerleszallas-debrecen\" target=\"_blank\" rel=\"noopener\"><strong>berichtete RTL<\/strong><\/a>.<\/p>\n\n\n\n<h2 class=\"wp-block-heading\">Notlandung erforderlich<\/h2>\n\n\n\n<p>Augenzeugen zufolge sank der Ballon schnell \u00fcber dem dicht besiedelten Gebiet, so dass bef\u00fcrchtet wurde, er k\u00f6nnte auf H\u00e4user st\u00fcrzen. Mehrere Landeversuche schlugen fehl, bevor es dem Piloten gelang, in einer engen Vorortstra\u00dfe zu landen. Der Aufprall des Korbs auf dem Boden hallte durch die Nachbarschaft, obwohl der Pilot das Man\u00f6ver sp\u00e4ter als &#8220;ruhige und sichere Landung&#8221; bezeichnete.<\/p>\n\n\n\n<h2 class=\"wp-block-heading\">Keiner wurde verletzt<\/h2>\n\n\n\n<p>Bemerkenswerterweise wurde keiner der Passagiere verletzt. Nach Aussage des Piloten betrachteten sie den Vorfall sogar als abenteuerlichen H\u00f6hepunkt ihrer Fahrt. Die Anwohner waren jedoch weniger begeistert: W\u00e4hrend des Abstiegs ber\u00fchrte der Ballon eine \u00dcberlandleitung und verursachte einen Stromausfall, der die Haushalte in der Umgebung f\u00fcr etwa drei Stunden ohne Strom lie\u00df.<\/p>\n\n\n\n<p>Das Video der Notlandung k\u00f6nnen Sie sich <a href=\"https:\/\/rtl.hu\/hirado\/2025\/08\/25\/holegballon-kenyszerleszallas-debrecen\" target=\"_blank\" rel=\"noopener\"><strong>auf der Seite von RTL<\/strong><\/a> ansehen.<\/p>\n\n\n\n<p>Die Polizei hat inzwischen eine Untersuchung wegen &#8220;Gef\u00e4hrdung des Luftverkehrs&#8221; eingeleitet.<\/p>\n\n\n\n<p>Lesen Sie weitere Nachrichten \u00fcber <a href=\"https:\/\/dailynewshungary.com\/de\/grose-ausfalle-von-telekommunikationsdiensten-in-ganz-ungarn-fur-anfang-august-geplant\/\"><strong>Debrecen<\/strong><\/a> auf Daily News Hungary!<\/p>\n\n\n\n<p><strong>Lesen Sie auch:<\/strong><\/p>\n\n\n\n<ul class=\"wp-block-list\">\n<li><a href=\"https:\/\/dailynewshungary.com\/new-hotel-opens-in-downtown-of-hungarian-city\/\">Atemberaubende FOTOS: Neues Hotel er\u00f6ffnet im Herbst im Stadtzentrum von Ungarns zweitgr\u00f6\u00dfter Stadt<\/a><\/li>\n\n\n\n<li><a href=\"https:\/\/dailynewshungary.com\/exclusive-debrecen-catl-complaints-denial\/\">Exklusiv: CATL-Werk in Debrecen wegen Verst\u00f6\u00dfen beschuldigt &#8211; Unternehmen streitet alles ab<\/a><\/li>\n<\/ul>\n","protected":false},"excerpt":{"rendered":"<p>Die Bewohner eines Vorstadtviertels in Debrecen wurden am Sonntagabend Zeugen eines ungew\u00f6hnlichen und beunruhigenden Anblicks, als ein Hei\u00dfluftballon zu einer Notlandung zwischen Wohnh\u00e4usern gezwungen war. Sechs Passagiere und ein Pilot reisten in dem Ballon Der Ballon mit sechs Passagieren und einem Piloten an Bord war am fr\u00fchen Abend zu einem einst\u00fcndigen Rundflug von einem Feld [&hellip;]<\/p>\n","protected":false},"author":33,"featured_media":776717,"comment_status":"open","ping_status":"open","sticky":false,"template":"","format":"standard","meta":{"_acf_changed":false,"_display_image":"yes","footnotes":""},"categories":[1098],"tags":[1116,1717,1076],"class_list":["post-776716","post","type-post","status-publish","format-standard","has-post-thumbnail","hentry","category-gesellschaft","tag-debrecen","tag-luft","tag-ungarn"],"blocksy_meta":[],"acf":[],"author_username":"ugyelet","telegram_post":"","public_post_metadata":{"breaking_news":"yes","important":"no","csempe":"yes","center_tile":"no","disable_thumbnail":"no","target_lang":"","_featured_image_style":"default","telegram_post":"","_xlat_group_id":""},"public_rank_math_data":{"title":"%title% %sep% %sitename%","description":"","focus_keyword":"ballon","canonical_url":"","robots":"","primary_category":"1098","breadcrumb_title":"","facebook_title":"","facebook_description":"","facebook_image":"","facebook_image_id":"","twitter_title":"","twitter_description":"","twitter_image":"","twitter_image_id":"","twitter_card_type":"","twitter_use_facebook":"","advanced_robots":"","pillar_content":"","seo_score":"80","contentai_score":"","rich_snippet":""},"_links":{"self":[{"href":"https:\/\/dailynewshungary.com\/de\/wp-json\/wp\/v2\/posts\/776716","targetHints":{"allow":["GET"]}}],"collection":[{"href":"https:\/\/dailynewshungary.com\/de\/wp-json\/wp\/v2\/posts"}],"about":[{"href":"https:\/\/dailynewshungary.com\/de\/wp-json\/wp\/v2\/types\/post"}],"author":[{"embeddable":true,"href":"https:\/\/dailynewshungary.com\/de\/wp-json\/wp\/v2\/users\/33"}],"replies":[{"embeddable":true,"href":"https:\/\/dailynewshungary.com\/de\/wp-json\/wp\/v2\/comments?post=776716"}],"version-history":[{"count":0,"href":"https:\/\/dailynewshungary.com\/de\/wp-json\/wp\/v2\/posts\/776716\/revisions"}],"wp:featuredmedia":[{"embeddable":true,"href":"https:\/\/dailynewshungary.com\/de\/wp-json\/wp\/v2\/media\/776717"}],"wp:attachment":[{"href":"https:\/\/dailynewshungary.com\/de\/wp-json\/wp\/v2\/media?parent=776716"}],"wp:term":[{"taxonomy":"category","embeddable":true,"href":"https:\/\/dailynewshungary.com\/de\/wp-json\/wp\/v2\/categories?post=776716"},{"taxonomy":"post_tag","embeddable":true,"href":"https:\/\/dailynewshungary.com\/de\/wp-json\/wp\/v2\/tags?post=776716"}],"curies":[{"name":"wp","href":"https:\/\/api.w.org\/{rel}","templated":true}]}}