{"id":776801,"date":"2025-08-28T16:34:00","date_gmt":"2025-08-28T14:34:00","guid":{"rendered":"https:\/\/dailynewshungary.com\/de\/chinas-batteriegigant-catl-verspricht-eine-grunere-zukunft-fur-sein-ungarisches-megawerk-aber-wird-es-das-auch-halten\/"},"modified":"2025-08-28T16:34:00","modified_gmt":"2025-08-28T14:34:00","slug":"chinas-batteriegigant-catl-verspricht-eine-grunere-zukunft-fur-sein-ungarisches-megawerk-aber-wird-es-das-auch-halten","status":"publish","type":"post","link":"https:\/\/dailynewshungary.com\/de\/chinas-batteriegigant-catl-verspricht-eine-grunere-zukunft-fur-sein-ungarisches-megawerk-aber-wird-es-das-auch-halten\/","title":{"rendered":"Chinas Batteriegigant CATL verspricht eine gr\u00fcnere Zukunft f\u00fcr sein ungarisches Megawerk \u2013 aber wird es das auch halten?"},"content":{"rendered":"\n<p><strong>Contemporary Amperex Technology Hungary hat eine ge\u00e4nderte Umweltgenehmigung f\u00fcr sein Batteriewerk in Debrecen (Ostungarn) beantragt, teilte das Unternehmen in chinesischem Besitz am Donnerstag mit.<\/strong><\/p>\n\n\n\n<p>Der Gesch\u00e4ftsf\u00fchrer von<a href=\"https:\/\/www.facebook.com\/CATLDebrecen\/?locale=hu_HU\" target=\"_blank\" rel=\"noopener\">CATL Debrecen<\/a>, Matt Shen, sagte, das Ziel des Antrags sei es, umweltfreundlichere und energieeffizientere L\u00f6sungen zu verwenden und den Verbrauch von Wasser und Energie zu reduzieren.<\/p>\n\n\n\n<p>Er f\u00fcgte hinzu, dass die Betriebs- und \u00dcberwachungssysteme in der Anlage die Einhaltung der strengsten ungarischen und EU-Umweltvorschriften gew\u00e4hrleisten w\u00fcrden.<\/p>\n\n\n\n<p>Am Standort werden adiabatische K\u00fchlt\u00fcrme installiert, die den Anteil des Grauwassers erh\u00f6hen und den \u00f6kologischen Fu\u00dfabdruck der Anlage verringern. CATL wird auch seine NMP-Aufbereitung auslagern.<\/p>\n\n\n\n<p>CATL k\u00fcndigte au\u00dferdem an, neben Lithium-Nickel-Mangan-Batterien auch die Produktion von Lithium-Eisen-Phosphat-Batterien am Standort aufzunehmen. Eine Umweltgenehmigung f\u00fcr die Batteriefabrik wurde 2023 erteilt. Diese Genehmigung wurde zweimal, 2023 und 2024, ge\u00e4ndert.<\/p>\n\n\n\n<p>Die Testproduktion von Batteriemodulen begann im September 2024 und die Produktion von Batteriezellen ist f\u00fcr Ende 2025 geplant.<\/p>\n\n\n\n<p><strong>Lesen Sie auch:<\/strong><\/p>\n\n\n\n<ul class=\"wp-block-list\">\n<li><a href=\"https:\/\/dailynewshungary.com\/de\/in-einer-unerwarteten-wendung-entlasst-catl-in-debrecen-ungarische-arbeiter-um-angeblich-platz-fur-gastarbeiter-zu-schaffen\/\">Unerwartete Wende: CATL in Debrecen entl\u00e4sst ungarische Arbeitnehmer, um angeblich Platz f\u00fcr Gastarbeiter zu schaffen<\/a><\/li>\n\n\n\n<li><a href=\"https:\/\/dailynewshungary.com\/de\/exklusiv-catl-werk-in-debrecen-wird-verstose-vorgeworfen-unternehmen-streitet-alles-ab\/\">Exklusiv: CATL-Werk in Debrecen wird Verst\u00f6\u00dfe vorgeworfen &#8211; Unternehmen streitet alles ab<\/a><\/li>\n<\/ul>\n","protected":false},"excerpt":{"rendered":"<p>Contemporary Amperex Technology Hungary hat eine ge\u00e4nderte Umweltgenehmigung f\u00fcr sein Batteriewerk in Debrecen (Ostungarn) beantragt, teilte das Unternehmen in chinesischem Besitz am Donnerstag mit. Der Gesch\u00e4ftsf\u00fchrer vonCATL Debrecen, Matt Shen, sagte, das Ziel des Antrags sei es, umweltfreundlichere und energieeffizientere L\u00f6sungen zu verwenden und den Verbrauch von Wasser und Energie zu reduzieren. Er f\u00fcgte hinzu, [&hellip;]<\/p>\n","protected":false},"author":33,"featured_media":776802,"comment_status":"open","ping_status":"open","sticky":false,"template":"","format":"standard","meta":{"_acf_changed":false,"_display_image":"yes","footnotes":""},"categories":[518],"tags":[1162,1116,1113,1076],"class_list":["post-776801","post","type-post","status-publish","format-standard","has-post-thumbnail","hentry","category-def","tag-china","tag-debrecen","tag-umwelt","tag-ungarn"],"blocksy_meta":[],"acf":[],"author_username":"ugyelet","telegram_post":"","public_post_metadata":{"breaking_news":"yes","important":"no","csempe":"no","center_tile":"no","disable_thumbnail":"no","target_lang":"","_featured_image_style":"default","telegram_post":"","_xlat_group_id":""},"public_rank_math_data":{"title":"%title% %sep% %sitename%","description":"","focus_keyword":"catl","canonical_url":"","robots":"","primary_category":"3881","breadcrumb_title":"","facebook_title":"","facebook_description":"","facebook_image":"","facebook_image_id":"","twitter_title":"","twitter_description":"","twitter_image":"","twitter_image_id":"","twitter_card_type":"","twitter_use_facebook":"","advanced_robots":"","pillar_content":"","seo_score":"69","contentai_score":"","rich_snippet":""},"_links":{"self":[{"href":"https:\/\/dailynewshungary.com\/de\/wp-json\/wp\/v2\/posts\/776801","targetHints":{"allow":["GET"]}}],"collection":[{"href":"https:\/\/dailynewshungary.com\/de\/wp-json\/wp\/v2\/posts"}],"about":[{"href":"https:\/\/dailynewshungary.com\/de\/wp-json\/wp\/v2\/types\/post"}],"author":[{"embeddable":true,"href":"https:\/\/dailynewshungary.com\/de\/wp-json\/wp\/v2\/users\/33"}],"replies":[{"embeddable":true,"href":"https:\/\/dailynewshungary.com\/de\/wp-json\/wp\/v2\/comments?post=776801"}],"version-history":[{"count":0,"href":"https:\/\/dailynewshungary.com\/de\/wp-json\/wp\/v2\/posts\/776801\/revisions"}],"wp:featuredmedia":[{"embeddable":true,"href":"https:\/\/dailynewshungary.com\/de\/wp-json\/wp\/v2\/media\/776802"}],"wp:attachment":[{"href":"https:\/\/dailynewshungary.com\/de\/wp-json\/wp\/v2\/media?parent=776801"}],"wp:term":[{"taxonomy":"category","embeddable":true,"href":"https:\/\/dailynewshungary.com\/de\/wp-json\/wp\/v2\/categories?post=776801"},{"taxonomy":"post_tag","embeddable":true,"href":"https:\/\/dailynewshungary.com\/de\/wp-json\/wp\/v2\/tags?post=776801"}],"curies":[{"name":"wp","href":"https:\/\/api.w.org\/{rel}","templated":true}]}}