{"id":776969,"date":"2025-09-02T15:34:00","date_gmt":"2025-09-02T13:34:00","guid":{"rendered":"https:\/\/dailynewshungary.com\/de\/putin-sprach-in-china-uber-die-frage-eines-angriffs-auf-europa\/"},"modified":"2025-09-02T15:34:00","modified_gmt":"2025-09-02T13:34:00","slug":"putin-sprach-in-china-uber-die-frage-eines-angriffs-auf-europa","status":"publish","type":"post","link":"https:\/\/dailynewshungary.com\/de\/putin-sprach-in-china-uber-die-frage-eines-angriffs-auf-europa\/","title":{"rendered":"Putin sprach in China \u00fcber die Frage eines Angriffs auf Europa"},"content":{"rendered":"<p><strong>Der russische Pr\u00e4sident Wladimir Putin hat sich am Dienstag in China mit dem slowakischen Premierminister Robert Fico getroffen, um \u00fcber den Krieg in der Ukraine, die Zusammenarbeit im Energiebereich und die bilateralen Beziehungen zu sprechen, wie russische Medien berichten.<\/strong><\/p>\n\n\n\n<h2 class=\"wp-block-heading\">Putin \u00fcber Angriff auf Europa<\/h2>\n\n\n\n<p>Putin, der sich vom 31. August bis zum 3. September zu einem viert\u00e4gigen Besuch in China aufh\u00e4lt, sagte, der Konflikt in der Ukraine sei auf einen vom Westen unterst\u00fctzten Putsch in Kiew zur\u00fcckzuf\u00fchren. Er betonte, Moskau sei &#8220;gezwungen, Menschen zu sch\u00fctzen, die ihr Schicksal mit Russland verbunden haben.&#8221;<\/p>\n\n\n\n<p>Er wies Behauptungen zur\u00fcck, wonach Russland Europa angreifen wolle, und bezeichnete solche Darstellungen als &#8220;Hysterie&#8221; des Westens. Er sagte, Russland habe die ukrainischen Angriffe auf die Energieinfrastruktur lange Zeit toleriert, aber schlie\u00dflich mit Gewalt geantwortet. Er betonte, dass Moskau nicht gegen die EU-Mitgliedschaft der Ukraine sei, bekr\u00e4ftigte aber seine Ablehnung des <a href=\"https:\/\/www.nato.int\/nato-welcome\/index_hu.html\" target=\"_blank\" rel=\"noopener\">NATO-Beitritts<\/a> des Landes.<\/p>\n\n\n\n<figure class=\"wp-block-image aligncenter size-full\"><img decoding=\"async\" src=\"https:\/\/contentf5.dailynewshungary.com\/wp-content\/uploads\/2025\/09\/Putin-in-China.jpg\" alt=\"Putin in China\" class=\"wp-image-669752\"\/><figcaption class=\"wp-element-caption\">Foto: Pressedienst des Kremls<\/figcaption><\/figure>\n\n<h2 class=\"wp-block-heading\">Sorgen um Atomkraftwerke<\/h2>\n\n\n\n<p>Putin erkl\u00e4rte auch, dass Russland bereit sei, mit amerikanischen Vertretern in Sachen Sicherheit im Kernkraftwerk Saporischschja zusammenzuarbeiten. &#8220;Wir sch\u00e4tzen die unabh\u00e4ngige Au\u00dfenpolitik, die Sie, Ihr Team und Ihre Regierung verfolgen, sehr. Sie f\u00fchrt zu positiven Ergebnissen, insbesondere bei den Wirtschaftsindikatoren&#8221;, sagte Putin zu Fico und f\u00fcgte hinzu, dass Russland ein zuverl\u00e4ssiger Lieferant von Energieressourcen f\u00fcr die Slowakei bleibt.<\/p>\n\n\n\n<h2 class=\"wp-block-heading\">Fico sagt zu, mit Zelensky \u00fcber die ukrainischen Angriffe zu sprechen<\/h2>\n\n\n\n<p>Fico seinerseits bekundete sein Interesse an einer Normalisierung der Beziehungen zu Moskau und schlug vor, eine gemeinsame Kommissionssitzung abzuhalten, um die Zusammenarbeit auszuweiten. Er sagte au\u00dferdem eine weitere Zusammenarbeit bei der Pflege von Soldatengr\u00e4bern zu und \u00e4u\u00dferte sich besorgt \u00fcber ukrainische Angriffe auf die \u00d6linfrastruktur.<\/p>\n\n\n\n<figure class=\"wp-block-image aligncenter size-full\"><img loading=\"lazy\" decoding=\"async\" width=\"2048\" height=\"1365\" src=\"https:\/\/contentf5.dailynewshungary.com\/wp-content\/uploads\/2024\/11\/PM-Viktor-Orban-and-Robert-Fico-in-January.jpg\" alt=\"New Slovak law would ban Hungarian language use on trains, buses, trams, and post offices\" class=\"wp-image-616849\" srcset=\"https:\/\/contentf5.dailynewshungary.com\/wp-content\/uploads\/2024\/11\/PM-Viktor-Orban-and-Robert-Fico-in-January.jpg 2048w, https:\/\/contentf5.dailynewshungary.com\/wp-content\/uploads\/2024\/11\/PM-Viktor-Orban-and-Robert-Fico-in-January-768x512.jpg 768w, https:\/\/contentf5.dailynewshungary.com\/wp-content\/uploads\/2024\/11\/PM-Viktor-Orban-and-Robert-Fico-in-January-1536x1024.jpg 1536w, https:\/\/contentf5.dailynewshungary.com\/wp-content\/uploads\/2024\/11\/PM-Viktor-Orban-and-Robert-Fico-in-January-333x222.jpg 333w, https:\/\/contentf5.dailynewshungary.com\/wp-content\/uploads\/2024\/11\/PM-Viktor-Orban-and-Robert-Fico-in-January-248x165.jpg 248w, https:\/\/contentf5.dailynewshungary.com\/wp-content\/uploads\/2024\/11\/PM-Viktor-Orban-and-Robert-Fico-in-January-1030x686.jpg 1030w, https:\/\/contentf5.dailynewshungary.com\/wp-content\/uploads\/2024\/11\/PM-Viktor-Orban-and-Robert-Fico-in-January-113x75.jpg 113w, https:\/\/contentf5.dailynewshungary.com\/wp-content\/uploads\/2024\/11\/PM-Viktor-Orban-and-Robert-Fico-in-January-480x320.jpg 480w\" sizes=\"auto, (max-width: 2048px) 100vw, 2048px\" \/><figcaption class=\"wp-element-caption\">Premierminister Orb\u00e1n und Premierminister Fico in Budapest. Sie helfen sich gegenseitig. Foto: FB\/Orb\u00e1n<\/figcaption><\/figure>\n\n<p>&#8220;Am Freitag werde ich mich mit dem ukrainischen Pr\u00e4sidenten in Uzhgorod treffen. Ich werde dieses Thema sehr ernsthaft ansprechen. Denn es ist unm\u00f6glich, dass solche Angriffe auf eine f\u00fcr uns sehr wichtige Infrastruktur durchgef\u00fchrt werden&#8221;, sagte Fico.<\/p>\n\n\n\n<p><strong>Lesen Sie auch:<\/strong><\/p>\n\n\n\n<ul class=\"wp-block-list\">\n<li>Schockierend: <strong><a href=\"https:\/\/dailynewshungary.com\/de\/schockierend-schwerer-treibstoffmangel-in-russland-kilometerlange-schlangen-an-den-tankstellen\/\">Schwere Benzinknappheit in Russland<\/a><\/strong>, kilometerlange Schlangen an den Tankstellen<\/li>\n\n\n\n<li>Ungarn <strong><a href=\"https:\/\/dailynewshungary.com\/de\/ungarn-verbietet-den-ungarischen-kommandeur-aus-transkarpatien-der-fur-den-angriff-auf-die-druschba-pipeline-verantwortlich-ist\/\">verbietet<\/a><\/strong> transkarpatischen ungarischen Kommandanten, der f\u00fcr den Angriff auf die Druschba-Pipeline verantwortlich ist<\/li>\n<\/ul>\n\n\n\n<p>Weitere Nachrichten zum laufenden <a href=\"https:\/\/dailynewshungary.com\/tag\/war-in-ukraine\/\">Krieg in der Ukraine<\/a>.<\/p>\n","protected":false},"excerpt":{"rendered":"<p>Der russische Pr\u00e4sident Wladimir Putin hat sich am Dienstag in China mit dem slowakischen Premierminister Robert Fico getroffen, um \u00fcber den Krieg in der Ukraine, die Zusammenarbeit im Energiebereich und die bilateralen Beziehungen zu sprechen, wie russische Medien berichten. Putin \u00fcber Angriff auf Europa Putin, der sich vom 31. August bis zum 3. September zu [&hellip;]<\/p>\n","protected":false},"author":33,"featured_media":776970,"comment_status":"open","ping_status":"open","sticky":false,"template":"","format":"standard","meta":{"_acf_changed":false,"_display_image":"yes","footnotes":""},"categories":[1081],"tags":[1162,1084,1209,1173,1102,1076],"class_list":["post-776969","post","type-post","status-publish","format-standard","has-post-thumbnail","hentry","category-politik","tag-china","tag-krieg-in-der-ukraine","tag-russland","tag-slowakei","tag-ungarische-regierung","tag-ungarn"],"blocksy_meta":[],"acf":[],"author_username":"ugyelet","telegram_post":"","public_post_metadata":{"breaking_news":"yes","important":"no","csempe":"no","center_tile":"no","disable_thumbnail":"no","target_lang":"","_featured_image_style":"hidden","telegram_post":"","_xlat_group_id":""},"public_rank_math_data":{"title":"%title% %sep% %sitename%","description":"Der russische Pr\u00e4sident Wladimir Putin hat sich am Dienstag in China mit dem slowakischen Premierminister Robert Fico getroffen, um \u00fcber den Krieg in der Ukraine zu sprechen.","focus_keyword":"Putin","canonical_url":"","robots":"","primary_category":"1081","breadcrumb_title":"","facebook_title":"","facebook_description":"","facebook_image":"","facebook_image_id":"","twitter_title":"","twitter_description":"","twitter_image":"","twitter_image_id":"","twitter_card_type":"","twitter_use_facebook":"","advanced_robots":"","pillar_content":"","seo_score":"82","contentai_score":"","rich_snippet":""},"_links":{"self":[{"href":"https:\/\/dailynewshungary.com\/de\/wp-json\/wp\/v2\/posts\/776969","targetHints":{"allow":["GET"]}}],"collection":[{"href":"https:\/\/dailynewshungary.com\/de\/wp-json\/wp\/v2\/posts"}],"about":[{"href":"https:\/\/dailynewshungary.com\/de\/wp-json\/wp\/v2\/types\/post"}],"author":[{"embeddable":true,"href":"https:\/\/dailynewshungary.com\/de\/wp-json\/wp\/v2\/users\/33"}],"replies":[{"embeddable":true,"href":"https:\/\/dailynewshungary.com\/de\/wp-json\/wp\/v2\/comments?post=776969"}],"version-history":[{"count":0,"href":"https:\/\/dailynewshungary.com\/de\/wp-json\/wp\/v2\/posts\/776969\/revisions"}],"wp:featuredmedia":[{"embeddable":true,"href":"https:\/\/dailynewshungary.com\/de\/wp-json\/wp\/v2\/media\/776970"}],"wp:attachment":[{"href":"https:\/\/dailynewshungary.com\/de\/wp-json\/wp\/v2\/media?parent=776969"}],"wp:term":[{"taxonomy":"category","embeddable":true,"href":"https:\/\/dailynewshungary.com\/de\/wp-json\/wp\/v2\/categories?post=776969"},{"taxonomy":"post_tag","embeddable":true,"href":"https:\/\/dailynewshungary.com\/de\/wp-json\/wp\/v2\/tags?post=776969"}],"curies":[{"name":"wp","href":"https:\/\/api.w.org\/{rel}","templated":true}]}}