{"id":777031,"date":"2025-09-03T11:50:07","date_gmt":"2025-09-03T09:50:07","guid":{"rendered":"https:\/\/dailynewshungary.com\/de\/budapest-fuhrt-an-belebten-platzen-einen-ordnungsdienst-ein\/"},"modified":"2025-09-03T14:42:16","modified_gmt":"2025-09-03T12:42:16","slug":"budapest-fuhrt-an-belebten-platzen-einen-ordnungsdienst-ein","status":"publish","type":"post","link":"https:\/\/dailynewshungary.com\/de\/budapest-fuhrt-an-belebten-platzen-einen-ordnungsdienst-ein\/","title":{"rendered":"Budapest f\u00fchrt an belebten Pl\u00e4tzen einen Ordnungsdienst ein"},"content":{"rendered":"<p><strong>Die Budapester Stadtwerke werden in den kommenden Wochen an sechs belebten Pl\u00e4tzen der Hauptstadt einen Parkw\u00e4chterdienst einrichten, teilte B\u00fcrgermeister Gergely Kar\u00e1csony am Mittwoch auf seiner Facebook-Seite mit.<\/strong><\/p>\n\n\n\n<p>Die sechs betroffenen Pl\u00e4tze sind Blaha Lujza, De\u00e1k Ferenc, Etele, \u00d6rs vezer und Sz\u00e9ll K\u00e1lm\u00e1n Platz sowie der K\u0151banya-Kispest U-Bahnhof, <strong><a href=\"https:\/\/www.facebook.com\/karacsonygergely\/posts\/pfbid026bDKTusonvrwUcQL3AKo5efXrzYqfPwBSQThd5iGYdQ6hKmL3hzSfsVrbjuhfaMhl?__cft__[0]=AZWCkoYzJnTa2yl4LMs41LpRmfIPND7UVBMzbGjW1zPYhrwOm9yoE2Nk_barWilPJ9MlHRtcUO9GwZiw6G7zc3lQj2qPur1Fl3uqxKD54K6jHOKoEHhq69FbDslXuMzyNTVBnfzqd6q3vUG61hTLoUiReolR4-bxp8lg1HAsGchpjx4irMIEv6Vc1bDKybyX1HI&amp;__tn__=%2CO%2CP-R\" target=\"_blank\" rel=\"noopener\">f\u00fcgte er in dem Posting hinzu<\/a><\/strong>.<\/p>\n\n\n\n<p>Die Ordnungsh\u00fcter werden eine Uniform mit dem Logo der <a href=\"https:\/\/budapestikozmuvek.hu\/\" target=\"_blank\" rel=\"noopener\">Budapester Stadtwerke<\/a> tragen und ihre Aufgaben von morgens bis sp\u00e4t abends wahrnehmen, sagte Kar\u00e1csony.<\/p>\n\n\n\n<figure class=\"wp-block-image size-full\"><img decoding=\"async\" src=\"https:\/\/contentf5.dailynewshungary.com\/wp-content\/uploads\/2025\/09\/Area-warden-service-in-Budapest-e1756900134622.jpg\" alt=\"Area warden service in Budapest\" class=\"wp-image-669872\"\/><figcaption class=\"wp-element-caption\">Foto: <a href=\"https:\/\/www.facebook.com\/karacsonygergely\/posts\/pfbid026bDKTusonvrwUcQL3AKo5efXrzYqfPwBSQThd5iGYdQ6hKmL3hzSfsVrbjuhfaMhl?__cft__[0]=AZWCkoYzJnTa2yl4LMs41LpRmfIPND7UVBMzbGjW1zPYhrwOm9yoE2Nk_barWilPJ9MlHRtcUO9GwZiw6G7zc3lQj2qPur1Fl3uqxKD54K6jHOKoEHhq69FbDslXuMzyNTVBnfzqd6q3vUG61hTLoUiReolR4-bxp8lg1HAsGchpjx4irMIEv6Vc1bDKybyX1HI&amp;__tn__=%2CO*F\" target=\"_blank\" rel=\"noopener\">FB\/Kar\u00e1csony<\/a><\/figcaption><\/figure>\n\n<p>&#8220;Die Sauberkeit von Budapest, unserem gemeinsamen Zuhause, ist unser gemeinsames Anliegen: Wir arbeiten hart daran, kaufen neue Ger\u00e4te, lassen neue M\u00fclleimer entwerfen und f\u00fchren einen Bezirksaufseherdienst ein. Aber wir m\u00fcssen uns auch gemeinsam um unser gemeinsames Haus k\u00fcmmern&#8221;, sagte der B\u00fcrgermeister.<\/p>\n\n\n\n<p>Lesen Sie auch:<\/p>\n\n\n\n<ul class=\"wp-block-list\">\n<li>Unerwartetes Gerichtsurteil: <strong><a href=\"https:\/\/dailynewshungary.com\/de\/unerwartetes-gerichtsurteil-budapest-verliert-10-millionen-euro-der-offentliche-nahverkehr-konnte-zusammenbrechen\/\">Budapest verliert 10 Millionen Euro<\/a><\/strong>, \u00f6ffentlicher Nahverkehr k\u00f6nnte zusammenbrechen<\/li>\n\n\n\n<li>FOTOS: <strong><a href=\"https:\/\/dailynewshungary.com\/de\/photos-ein-weiterer-groser-anti-regierungs-protest-in-der-budapester-innenstadt\/\">Erneut gro\u00dfe Anti-Regierungs-Proteste in der Budapester Innenstadt<\/a><\/strong><\/li>\n<\/ul>\n\n\n\n<p>Klicken Sie f\u00fcr weitere Nachrichten \u00fcber <strong><a href=\"https:\/\/dailynewshungary.com\/tag\/budapest\/\">Budapest<\/a><\/strong>.<\/p>\n","protected":false},"excerpt":{"rendered":"<p>Die Budapester Stadtwerke werden in den kommenden Wochen an sechs belebten Pl\u00e4tzen der Hauptstadt einen Parkw\u00e4chterdienst einrichten, teilte B\u00fcrgermeister Gergely Kar\u00e1csony am Mittwoch auf seiner Facebook-Seite mit. Die sechs betroffenen Pl\u00e4tze sind Blaha Lujza, De\u00e1k Ferenc, Etele, \u00d6rs vezer und Sz\u00e9ll K\u00e1lm\u00e1n Platz sowie der K\u0151banya-Kispest U-Bahnhof, f\u00fcgte er in dem Posting hinzu. Die Ordnungsh\u00fcter [&hellip;]<\/p>\n","protected":false},"author":33,"featured_media":777032,"comment_status":"open","ping_status":"open","sticky":false,"template":"","format":"standard","meta":{"_acf_changed":false,"_display_image":"yes","footnotes":""},"categories":[1101],"tags":[1111,1066],"class_list":["post-777031","post","type-post","status-publish","format-standard","has-post-thumbnail","hentry","category-flashnews","tag-budapest","tag-hungary"],"blocksy_meta":[],"acf":[],"author_username":"ugyelet","telegram_post":"","public_post_metadata":{"breaking_news":"yes","important":"no","csempe":"no","center_tile":"no","disable_thumbnail":"no","target_lang":"","_featured_image_style":"hidden","telegram_post":"","_xlat_group_id":""},"public_rank_math_data":{"title":"%title% %sep% %sitename%","description":"Die Budapester Stadtwerke werden in den kommenden Wochen auf sechs belebten Pl\u00e4tzen der Hauptstadt einen Platzwartdienst einrichten.","focus_keyword":"Budapest","canonical_url":"","robots":"","primary_category":"1101","breadcrumb_title":"","facebook_title":"","facebook_description":"","facebook_image":"","facebook_image_id":"","twitter_title":"","twitter_description":"","twitter_image":"","twitter_image_id":"","twitter_card_type":"","twitter_use_facebook":"","advanced_robots":"","pillar_content":"","seo_score":"71","contentai_score":"","rich_snippet":""},"_links":{"self":[{"href":"https:\/\/dailynewshungary.com\/de\/wp-json\/wp\/v2\/posts\/777031","targetHints":{"allow":["GET"]}}],"collection":[{"href":"https:\/\/dailynewshungary.com\/de\/wp-json\/wp\/v2\/posts"}],"about":[{"href":"https:\/\/dailynewshungary.com\/de\/wp-json\/wp\/v2\/types\/post"}],"author":[{"embeddable":true,"href":"https:\/\/dailynewshungary.com\/de\/wp-json\/wp\/v2\/users\/33"}],"replies":[{"embeddable":true,"href":"https:\/\/dailynewshungary.com\/de\/wp-json\/wp\/v2\/comments?post=777031"}],"version-history":[{"count":0,"href":"https:\/\/dailynewshungary.com\/de\/wp-json\/wp\/v2\/posts\/777031\/revisions"}],"wp:featuredmedia":[{"embeddable":true,"href":"https:\/\/dailynewshungary.com\/de\/wp-json\/wp\/v2\/media\/777032"}],"wp:attachment":[{"href":"https:\/\/dailynewshungary.com\/de\/wp-json\/wp\/v2\/media?parent=777031"}],"wp:term":[{"taxonomy":"category","embeddable":true,"href":"https:\/\/dailynewshungary.com\/de\/wp-json\/wp\/v2\/categories?post=777031"},{"taxonomy":"post_tag","embeddable":true,"href":"https:\/\/dailynewshungary.com\/de\/wp-json\/wp\/v2\/tags?post=777031"}],"curies":[{"name":"wp","href":"https:\/\/api.w.org\/{rel}","templated":true}]}}