{"id":777960,"date":"2025-09-30T12:14:00","date_gmt":"2025-09-30T10:14:00","guid":{"rendered":"https:\/\/dailynewshungary.com\/de\/zelensky-die-ukraine-wird-der-eu-trotz-ungarns-blockade-beitreten\/"},"modified":"2025-09-30T12:14:00","modified_gmt":"2025-09-30T10:14:00","slug":"zelensky-die-ukraine-wird-der-eu-trotz-ungarns-blockade-beitreten","status":"publish","type":"post","link":"https:\/\/dailynewshungary.com\/de\/zelensky-die-ukraine-wird-der-eu-trotz-ungarns-blockade-beitreten\/","title":{"rendered":"Zelensky: Die Ukraine wird der EU trotz Ungarns Blockade beitreten"},"content":{"rendered":"<p><strong>Die Ukraine muss der EU beitreten und unternimmt alle notwendigen Schritte in Richtung Beitritt, sagte Pr\u00e4sident Volodymyr Zelenskyy am Montag auf dem Warschauer Sicherheitsforum.<\/strong><\/p>\n\n\n\n<h2 class=\"wp-block-heading\">Zelensky: Die Ukraine wird der EU beitreten<\/h2>\n\n\n\n<p>&#8220;Die Ukraine muss der EU beitreten, und sie wird es auch&#8221;, sagte Zelenskyy und f\u00fcgte hinzu, dass Kiew seine Verpflichtungen erf\u00fcllt habe. &#8220;Wir tun alles, was n\u00f6tig ist, und es ist wichtig, dass der Beitritt der Ukraine nicht durch die nationale Politik dieses oder jenes Landes verz\u00f6gert wird&#8230; Was wir vermeiden m\u00fcssen, ist jede Abh\u00e4ngigkeit von Russland&#8221;, sagte er laut der <a href=\"https:\/\/www.aa.com.tr\/en\/europe\/-ukraine-must-join-eu-and-it-will-says-zelenskyy\/3702227\" target=\"_blank\" rel=\"noopener\">t\u00fcrkischen Nachrichtenagentur Anadolu<\/a>.<\/p>\n\n\n\n<p>Die Ukraine beantragte die EU-Mitgliedschaft kurz nach Beginn des Krieges mit Russland im Februar 2022. Im Dezember 2023 beschloss der Europ\u00e4ische Rat, Verhandlungen \u00fcber den Beitritt der Ukraine aufzunehmen.<\/p>\n\n\n\n<figure class=\"wp-block-image aligncenter size-full\"><img decoding=\"async\" src=\"https:\/\/dailynewshungary.b-cdn.net\/wp-content\/uploads\/2025\/04\/Von-der-Leyen-reappears-in-Orban-governments-negative-poster-campaign-Zelensky-and-Weber-are-there-too.jpg\" alt=\"Von der Leyen, Weber, Zelensky false flag operation in Transcarpathia\" class=\"wp-image-650518\"\/><figcaption class=\"wp-element-caption\">Von der Leyen taucht erneut in der negativen Plakatkampagne der Regierung Orb\u00e1n auf, auch Zelensky und Weber sind dabei. Foto: Daily News Hungary<\/figcaption><\/figure>\n\n<h2 class=\"wp-block-heading\">Ungarischer und slowakischer Block<\/h2>\n\n\n\n<p>Im Juni 2024 bewertete die <a href=\"https:\/\/commission.europa.eu\/index_en\" target=\"_blank\" rel=\"noopener\">Europ\u00e4ische Kommission<\/a> die Reformen in der Ukraine und Moldawien positiv, was Br\u00fcssel dazu veranlasste, einen Verhandlungsrahmen f\u00fcr Beitrittsgespr\u00e4che zu genehmigen.<\/p>\n\n\n\n<ul class=\"wp-block-list\">\n<li>Ungarische Gripens fingen erneut russisches Milit\u00e4rflugzeug <a href=\"https:\/\/dailynewshungary.com\/de\/ungarische-gripens-fingen-erneut-russische-militarflugzeuge-ab\/\">ab<\/a> <\/li>\n<\/ul>\n\n\n\n<p>Ungarn und die Slowakei haben den Prozess jedoch blockiert und Bedingungen gestellt, wie z.B. die Einstellung der Angriffe auf die Druschba-\u00d6lpipeline, die sie mit russischer Energie versorgt.<\/p>\n\n\n\n<figure class=\"wp-block-image aligncenter size-full\"><img decoding=\"async\" src=\"https:\/\/dailynewshungary.b-cdn.net\/wp-content\/uploads\/2025\/08\/Attack-on-the-Friendship-oil-pipeline.jpg\" alt=\"Attack on the Druzhba oil pipeline Hungary news\" class=\"wp-image-668691\"\/><figcaption class=\"wp-element-caption\">Der ukrainische Angriff auf die Druschba-\u00d6lpipeline in Russland wurde von der ungarischen Regierung scharf verurteilt. Der Angriff wurde von dem in Ungarn geborenen Robert Brovdi angef\u00fchrt. Klicken Sie, um <a href=\"https:\/\/dailynewshungary.com\/de\/video-wie-ein-ungarischer-major-einen-exorbitant-teuren-russischen-hubschrauber-zerstort\/\">unseren Artikel \u00fcber ihn<\/a> zu lesen. Quelle: Screenshot \/ X \/ Nexta<\/figcaption><\/figure>\n\n<p>Litauen schlug sp\u00e4ter einen separaten Verhandlungsplan vor, mit dem die Einw\u00e4nde Budapests umgangen werden sollten.<\/p>\n\n\n\n<h2 class=\"wp-block-heading\">Schweden: Russland k\u00f6nnte auch unseren Luftraum verletzen<\/h2>\n\n\n\n<p>Nach den angeblichen Luftraumverletzungen Russlands gegen\u00fcber L\u00e4ndern an der Ostflanke der NATO k\u00f6nnte Schweden als n\u00e4chstes dran sein, sagte der schwedische Ministerpr\u00e4sident am Montag laut der <a href=\"https:\/\/www.aa.com.tr\/en\/europe\/sweden-russia-could-also-violate-our-airspace\/3702686\" target=\"_blank\" rel=\"noopener\">t\u00fcrkischen Nachrichtenagentur Anadolu<\/a>.<\/p>\n\n\n\n<p>&#8220;Russland k\u00f6nnte in Schweden die gleichen Luftraumverletzungen begehen wie in Polen und Estland. Wir haben eindeutige Informationen, die darauf hindeuten, dass Russland hinter den Verletzungen in Polen und Estland steckt. Im Falle D\u00e4nemarks haben wir nicht die gleichen technischen Beweise&#8221;, sagte Ulf Kristersson auf einer Pressekonferenz zusammen mit den Au\u00dfen- und Verteidigungsministern des Landes.<\/p>\n\n\n\n<p>Mit Blick auf die j\u00fcngsten Sichtungen von Drohnen auf Flugh\u00e4fen in Kopenhagen, D\u00e4nemark, nach Vorf\u00e4llen in Polen und Estland, behauptete Kristersson, dass Russland L\u00e4nder ins Visier nimmt, die die Ukraine am meisten unterst\u00fctzen: &#8220;Wir werden D\u00e4nemark unterst\u00fctzen, indem wir Radarger\u00e4te und milit\u00e4rische Drohnenabwehrsysteme zur Verf\u00fcgung stellen.&#8221;<\/p>\n\n\n\n<h2 class=\"wp-block-heading\">Russische Luftraumverletzungen<\/h2>\n\n\n\n<p>In ihren Ausf\u00fchrungen sagte Au\u00dfenministerin Maria Malmer Stenergard, dass die j\u00fcngsten Ereignisse zu intensiven Aktivit\u00e4ten innerhalb der NATO gef\u00fchrt haben, die in st\u00e4ndigem Kontakt mit den baltischen und skandinavischen L\u00e4ndern steht.<\/p>\n\n\n\n<p>Verteidigungsminister Pal Jonson sagte, dass Schweden nach den Luftraumverletzungen eine neue NATO-Initiative namens Eastern Sentry unterst\u00fctzen wird, die darauf abzielt, die Verteidigung an der Ostflanke Europas zu st\u00e4rken.<\/p>\n\n\n\n<p>Polen meldete, dass russische Drohnen am 9. September seinen Luftraum verletzten, was eine gemeinsame Reaktion der NATO zur Folge hatte. Sp\u00e4ter sollen russische Drohnen im rum\u00e4nischen Luftraum entdeckt worden sein. Estland gab ebenfalls an, dass sein Luftraum am 19. September von russischen Jets verletzt wurde, aber die NATO hat die Flugzeuge gestoppt.<a href=\"https:\/\/haber.aa.com.tr\/#\" target=\"_blank\" rel=\"noopener\"><\/a><\/p>\n\n\n\n<p><em>Bild im Vordergrund: Das erste offizielle Treffen von Zelensky und Orb\u00e1n im Jahr 2023 &#8211; ein Foto, das auf der offiziellen Facebook-Seite des Premierministers geteilt wurde.<\/em><\/p>\n\n\n\n<p>Klicken Sie hier f\u00fcr weitere Nachrichten \u00fcber den anhaltenden <a href=\"https:\/\/dailynewshungary.com\/tag\/war-in-ukraine\/\">Krieg in der Ukraine<\/a>.<\/p>\n","protected":false},"excerpt":{"rendered":"<p>Die Ukraine muss der EU beitreten und unternimmt alle notwendigen Schritte in Richtung Beitritt, sagte Pr\u00e4sident Volodymyr Zelenskyy am Montag auf dem Warschauer Sicherheitsforum. Zelensky: Die Ukraine wird der EU beitreten &#8220;Die Ukraine muss der EU beitreten, und sie wird es auch&#8221;, sagte Zelenskyy und f\u00fcgte hinzu, dass Kiew seine Verpflichtungen erf\u00fcllt habe. &#8220;Wir tun [&hellip;]<\/p>\n","protected":false},"author":33,"featured_media":777961,"comment_status":"open","ping_status":"open","sticky":false,"template":"","format":"standard","meta":{"_acf_changed":false,"_display_image":"yes","footnotes":""},"categories":[1081],"tags":[1084,1092,1076,1128],"class_list":["post-777960","post","type-post","status-publish","format-standard","has-post-thumbnail","hentry","category-politik","tag-krieg-in-der-ukraine","tag-ukraine","tag-ungarn","tag-viktor-orban"],"blocksy_meta":[],"acf":[],"author_username":"ugyelet","telegram_post":"","public_post_metadata":{"breaking_news":"yes","important":"no","csempe":"no","center_tile":"no","disable_thumbnail":"no","target_lang":"","_featured_image_style":"hidden","telegram_post":"","_xlat_group_id":""},"public_rank_math_data":{"title":"%title% %sep% %sitename%","description":"Die Ukraine muss der EU beitreten und unternimmt alle notwendigen Schritte f\u00fcr einen Beitritt, sagte Pr\u00e4sident Wolodymyr Zelenskyy.","focus_keyword":"Zelensky","canonical_url":"","robots":"","primary_category":"1081","breadcrumb_title":"","facebook_title":"","facebook_description":"","facebook_image":"","facebook_image_id":"","twitter_title":"","twitter_description":"","twitter_image":"","twitter_image_id":"","twitter_card_type":"","twitter_use_facebook":"","advanced_robots":"","pillar_content":"","seo_score":"78","contentai_score":"","rich_snippet":""},"_links":{"self":[{"href":"https:\/\/dailynewshungary.com\/de\/wp-json\/wp\/v2\/posts\/777960","targetHints":{"allow":["GET"]}}],"collection":[{"href":"https:\/\/dailynewshungary.com\/de\/wp-json\/wp\/v2\/posts"}],"about":[{"href":"https:\/\/dailynewshungary.com\/de\/wp-json\/wp\/v2\/types\/post"}],"author":[{"embeddable":true,"href":"https:\/\/dailynewshungary.com\/de\/wp-json\/wp\/v2\/users\/33"}],"replies":[{"embeddable":true,"href":"https:\/\/dailynewshungary.com\/de\/wp-json\/wp\/v2\/comments?post=777960"}],"version-history":[{"count":0,"href":"https:\/\/dailynewshungary.com\/de\/wp-json\/wp\/v2\/posts\/777960\/revisions"}],"wp:featuredmedia":[{"embeddable":true,"href":"https:\/\/dailynewshungary.com\/de\/wp-json\/wp\/v2\/media\/777961"}],"wp:attachment":[{"href":"https:\/\/dailynewshungary.com\/de\/wp-json\/wp\/v2\/media?parent=777960"}],"wp:term":[{"taxonomy":"category","embeddable":true,"href":"https:\/\/dailynewshungary.com\/de\/wp-json\/wp\/v2\/categories?post=777960"},{"taxonomy":"post_tag","embeddable":true,"href":"https:\/\/dailynewshungary.com\/de\/wp-json\/wp\/v2\/tags?post=777960"}],"curies":[{"name":"wp","href":"https:\/\/api.w.org\/{rel}","templated":true}]}}