{"id":778185,"date":"2025-10-07T04:34:00","date_gmt":"2025-10-07T02:34:00","guid":{"rendered":"https:\/\/dailynewshungary.com\/de\/kroatische-bergsteiger-starben-nach-schrecklichem-lawinenabgang\/"},"modified":"2025-10-07T11:39:15","modified_gmt":"2025-10-07T09:39:15","slug":"kroatische-bergsteiger-starben-nach-schrecklichem-lawinenabgang","status":"publish","type":"post","link":"https:\/\/dailynewshungary.com\/de\/kroatische-bergsteiger-starben-nach-schrecklichem-lawinenabgang\/","title":{"rendered":"Kroatische Bergsteiger starben nach tragischem Lawinenabgang"},"content":{"rendered":"\n<p><strong>Drei kroatische Bergsteiger wurden am Montag tot aufgefunden, nachdem sie bei einem Lawinenabgang auf dem Berg Tosc in den slowenischen Julischen Alpen vermisst wurden.<\/strong><\/p>\n\n\n\n<p>Die Leiche eines Bergsteigers wurde am Sonntagnachmittag w\u00e4hrend einer Rettungsaktion &#8211; an der mehr als 60 Rettungskr\u00e4fte beteiligt waren &#8211; geborgen, w\u00e4hrend die beiden anderen am fr\u00fchen Montag gefunden wurden.<\/p>\n\n\n\n<p>Die drei Bergsteiger geh\u00f6rten zu einer siebenk\u00f6pfigen kroatischen Gruppe, von denen vier der Lawine entkommen konnten und die Rettungskr\u00e4fte alarmierten.<\/p>\n\n\n\n<p>&#8220;Wir sind dem <a href=\"https:\/\/www.grzs.si\/en\/\" target=\"_blank\" rel=\"noopener\">slowenischen Bergrettungsdienst<\/a> (GRZS), der Polizei und allen Rettungsdiensten dankbar f\u00fcr ihr Engagement und die Aktivit\u00e4ten, die sie durchf\u00fchren. Kroatien hat Unterst\u00fctzung bei der weiteren Suche und Rettung der vermissten B\u00fcrger angeboten&#8221;, sagte der kroatische Ministerpr\u00e4sident Andrej Plenkovic \u00fcber das US-Social-Media-Unternehmen X.<\/p>\n\n\n\n<figure class=\"wp-block-image aligncenter size-full\"><img decoding=\"async\" src=\"https:\/\/dailynewshungary.b-cdn.net\/wp-content\/uploads\/2025\/10\/Croatian-climbers-died-in-avalanche.webp\" alt=\"Croatian climbers died in avalanche\" class=\"wp-image-673460\"\/><figcaption class=\"wp-element-caption\">Illustration. Foto: <a href=\"https:\/\/depositphotos.com\/illustration\/scene-climber-man-snow-rocks-falling-rapidly-mountainside-digital-art-227761990.html\" target=\"_blank\" rel=\"noopener\">depositphotos.com<\/a><\/figcaption><\/figure>\n\n\n\n<p><strong>Lesen Sie auch:<\/strong><\/p>\n\n\n\n<ul class=\"wp-block-list\">\n<li><a href=\"https:\/\/dailynewshungary.com\/de\/neue-autobahn-verbindet-ungarn-mit-kroatien-und-verbindet-die-donau-mit-der-adria-fotos\/\">Neue Autobahn verbindet Ungarn mit Kroatien<\/a> und verbindet die Donau mit der Adria <\/li>\n\n\n\n<li><a href=\"https:\/\/dailynewshungary.com\/de\/kroatiens-reaktion-auf-die-worte-von-fm-szijjarto-wer-moskau-ofter-besucht-als-brussel-oder-zagreb-verliert-den-moralischen-boden-unter-den-fusen\/\">Kroatiens Reaktion auf die Worte von FM Szijj\u00e1rt\u00f3<\/a>: &#8220;Wenn man Moskau \u00f6fter besucht als Br\u00fcssel oder Zagreb, verliert man die moralische \u00dcberlegenheit&#8221;<\/li>\n<\/ul>\n\n\n\n<p>Klicken Sie f\u00fcr weitere <a href=\"https:\/\/dailynewshungary.com\/tag\/croatia\/\">Kroatien<\/a> Nachrichten.<\/p>\n","protected":false},"excerpt":{"rendered":"<p>Drei kroatische Bergsteiger wurden am Montag tot aufgefunden, nachdem sie bei einem Lawinenabgang auf dem Berg Tosc in den slowenischen Julischen Alpen vermisst wurden. Die Leiche eines Bergsteigers wurde am Sonntagnachmittag w\u00e4hrend einer Rettungsaktion &#8211; an der mehr als 60 Rettungskr\u00e4fte beteiligt waren &#8211; geborgen, w\u00e4hrend die beiden anderen am fr\u00fchen Montag gefunden wurden. Die [&hellip;]<\/p>\n","protected":false},"author":33,"featured_media":778186,"comment_status":"open","ping_status":"open","sticky":false,"template":"","format":"standard","meta":{"_acf_changed":false,"_display_image":"yes","footnotes":""},"categories":[1101],"tags":[4273,1199,1739,1076],"class_list":["post-778185","post","type-post","status-publish","format-standard","has-post-thumbnail","hentry","category-flashnews","tag-ce","tag-kroatien","tag-slowenien","tag-ungarn"],"blocksy_meta":[],"acf":[],"author_username":"ugyelet","telegram_post":"","public_post_metadata":{"breaking_news":"yes","important":"no","csempe":"no","center_tile":"no","disable_thumbnail":"no","target_lang":"","_featured_image_style":"hidden","telegram_post":"","_xlat_group_id":""},"public_rank_math_data":{"title":"%title% %sep% %sitename%","description":"Drei kroatische Bergsteiger wurden am Montag tot aufgefunden, nachdem sie vermisst wurden, als eine Lawine auf den Berg Tosc","focus_keyword":"Kroatien","canonical_url":"","robots":"","primary_category":"1101","breadcrumb_title":"","facebook_title":"","facebook_description":"","facebook_image":"","facebook_image_id":"","twitter_title":"","twitter_description":"","twitter_image":"","twitter_image_id":"","twitter_card_type":"","twitter_use_facebook":"","advanced_robots":"","pillar_content":"","seo_score":"72","contentai_score":"","rich_snippet":""},"_links":{"self":[{"href":"https:\/\/dailynewshungary.com\/de\/wp-json\/wp\/v2\/posts\/778185","targetHints":{"allow":["GET"]}}],"collection":[{"href":"https:\/\/dailynewshungary.com\/de\/wp-json\/wp\/v2\/posts"}],"about":[{"href":"https:\/\/dailynewshungary.com\/de\/wp-json\/wp\/v2\/types\/post"}],"author":[{"embeddable":true,"href":"https:\/\/dailynewshungary.com\/de\/wp-json\/wp\/v2\/users\/33"}],"replies":[{"embeddable":true,"href":"https:\/\/dailynewshungary.com\/de\/wp-json\/wp\/v2\/comments?post=778185"}],"version-history":[{"count":0,"href":"https:\/\/dailynewshungary.com\/de\/wp-json\/wp\/v2\/posts\/778185\/revisions"}],"wp:featuredmedia":[{"embeddable":true,"href":"https:\/\/dailynewshungary.com\/de\/wp-json\/wp\/v2\/media\/778186"}],"wp:attachment":[{"href":"https:\/\/dailynewshungary.com\/de\/wp-json\/wp\/v2\/media?parent=778185"}],"wp:term":[{"taxonomy":"category","embeddable":true,"href":"https:\/\/dailynewshungary.com\/de\/wp-json\/wp\/v2\/categories?post=778185"},{"taxonomy":"post_tag","embeddable":true,"href":"https:\/\/dailynewshungary.com\/de\/wp-json\/wp\/v2\/tags?post=778185"}],"curies":[{"name":"wp","href":"https:\/\/api.w.org\/{rel}","templated":true}]}}