{"id":778907,"date":"2025-10-19T13:24:00","date_gmt":"2025-10-19T11:24:00","guid":{"rendered":"https:\/\/dailynewshungary.com\/de\/ungarischer-mann-filmte-heimlich-kinderpornographie-mit-einer-versteckten-kamera\/"},"modified":"2025-10-20T09:00:15","modified_gmt":"2025-10-20T07:00:15","slug":"ungarisch-mann-heimlich-kinderpornographie","status":"publish","type":"post","link":"https:\/\/dailynewshungary.com\/de\/ungarisch-mann-heimlich-kinderpornographie\/","title":{"rendered":"Ungarischer Mann filmte heimlich Kinderpornographie mit einer versteckten Kamera"},"content":{"rendered":"\n<p><strong>Die Staatsanwaltschaft des Komitats Pest hat Anklage gegen einen Mann erhoben, der mit einer versteckten Kamera heimlich die Aktivit\u00e4ten im Badezimmer eines Hauses \u00fcberwacht und aufgezeichnet hat und dabei kinderpornografische Aufnahmen gemacht hat.<\/strong><\/p>\n\n\n\n<h2 class=\"wp-block-heading\">Der Mann platzierte eine Kamera auf dem Dachboden<\/h2>\n\n\n\n<p><a href=\"https:\/\/ugyeszseg.hu\/rejtett-kameraval-keszitett-gyermekpornograf-felveteleket\/\" target=\"_blank\" rel=\"noopener\">Laut der Anklageschrift<\/a> installierte der Mann im Januar 2025 in einem Dorf in der N\u00e4he von G\u00f6d\u00f6ll\u0151 eine Webcam auf dem Dachboden eines Hauses, in dem er zuvor gewohnt hatte und stellte sie so auf, dass er einen freien Blick auf das Badezimmer hatte. Er konnte das Filmmaterial live auf seinem Mobiltelefon beobachten und die Videos auch auf einer Speicherkarte aufzeichnen.<\/p>\n\n\n\n<p>In dem Haus lebte eine Familie mit drei minderj\u00e4hrigen Kindern, von denen das j\u00fcngste im Vorschulalter war. Bis zum 4. Februar 2025 machte der Mann mehrere Aufnahmen, die zeigen, wie die Kinder duschen, die Toilette benutzen oder wie ihre Mutter das j\u00fcngste Kind badet. Auf diesen Videos waren die Genitalien der Kinder zu sehen.<\/p>\n\n\n\n<blockquote class=\"wp-block-quote is-layout-flow wp-block-quote-is-layout-flow\">\n<p>Die Aufnahmen endeten, als eines der Kinder die versteckte Kamera durch einen Riss in der Decke entdeckte.<\/p>\n<\/blockquote>\n\n\n\n<p>Die Staatsanwaltschaft von Pest County hat den Mann wegen des Verbrechens der Herstellung pornografischer Aufnahmen, auf denen eine Person unter zw\u00f6lf Jahren zu sehen ist, sowie wegen des Verbrechens der unrechtm\u00e4\u00dfigen Datenbeschaffung angeklagt. Die Staatsanwaltschaft hat eine Gef\u00e4ngnisstrafe, ein Verbot von \u00f6ffentlichen Angelegenheiten und ein lebenslanges Verbot jeglicher T\u00e4tigkeit, die den Mann in Kontakt mit Minderj\u00e4hrigen bringen k\u00f6nnte, vorgeschlagen.<\/p>\n\n\n\n<p>Das Landgericht Budapest wird \u00fcber die Schuld des Mannes entscheiden.<\/p>\n\n\n\n<ul class=\"wp-block-list\">\n<li><a href=\"https:\/\/dailynewshungary.com\/de\/ein-in-budapest-lebender-norweger-wurde-zu-10-jahren-haft-verurteilt-weil-er-mit-einem-massaker-gedroht-hatte-das-groser-war-als-das-von-breivik\/\/\">In Budapest lebender Norweger wegen Androhung eines Massakers, das gr\u00f6\u00dfer ist als das von Breivik, zu 10 Jahren Haft verurteilt<\/a><\/li>\n<\/ul>\n\n\n\n<h2 class=\"wp-block-heading\">Eltern lie\u00dfen ihre bettl\u00e4gerige erwachsene Tochter verhungern<\/h2>\n\n\n\n<p>Ebenfalls in dieser Woche <a href=\"https:\/\/ugyeszseg.hu\/eheztettek-felnott-agyhoz-kotott-gyermekuket\/\" target=\"_blank\" rel=\"noopener\">hat<\/a> die Staatsanwaltschaft des Komitats Szabolcs-Szatm\u00e1r-Bereg eine \u00e4ltere Frau <a href=\"https:\/\/ugyeszseg.hu\/eheztettek-felnott-agyhoz-kotott-gyermekuket\/\" target=\"_blank\" rel=\"noopener\">angeklagt<\/a>, die ihrer bettl\u00e4gerigen erwachsenen Tochter monatelang Leid zugef\u00fcgt hat, was schlie\u00dflich zu ihrem Tod f\u00fchrte.<\/p>\n\n\n\n<p><a href=\"https:\/\/dailynewshungary.com\/de\/grausamkeit-ungarische-eltern-liesen-39-jahrige-behinderte-tochter-verhungern-und-vernachlassigen\/\/\">Wie wir berichteten<\/a>, lebte das Opfer, das seit seiner Geburt k\u00f6rperlich behindert war, laut der Anklageschrift bei ihren \u00e4lteren Eltern. Ab 2024 war sie nicht mehr in der Lage, sich unabh\u00e4ngig zu bewegen. Trotzdem hielten die Eltern sie im oberen Stockwerk ihres zweist\u00f6ckigen Hauses, in dem es keine Toilette gab.<\/p>\n\n\n\n<h2 class=\"wp-block-heading\">39-j\u00e4hrige behinderte Frau starb wegen ihrer Eltern<\/h2>\n\n\n\n<p>Die Frau konnte ihr Zimmer nicht ohne Hilfe verlassen. Die Eltern vers\u00e4umten es, ihre bettl\u00e4gerige Tochter zu f\u00fcttern oder zu tr\u00e4nken und vernachl\u00e4ssigten ihre Hygiene. Infolgedessen wurde das Opfer stark abgemagert, und ihre K\u00f6rpergeschw\u00fcre infizierten sich, was zu ihrem Tod im Alter von 39 Jahren f\u00fchrte.<\/p>\n\n\n\n<p>W\u00e4hrend des Strafverfahrens verstarb der Vater des Opfers.<\/p>\n\n\n\n<p>Die Staatsanwaltschaft beschuldigt die Mutter des Verbrechens der T\u00f6tung mit besonderer Grausamkeit, da sie ihrem Kind lang anhaltende Leiden zugef\u00fcgt hat. Die Staatsanwaltschaft empfiehlt eine Freiheitsstrafe von 15 Jahren und ein 10-j\u00e4hriges Berufsverbot, vorausgesetzt, die Frau gesteht ihre Tat und verzichtet auf ihr Recht auf ein Gerichtsverfahren.<\/p>\n\n\n\n<ul class=\"wp-block-list\">\n<li><a href=\"https:\/\/dailynewshungary.com\/de\/grausamkeit-ungarische-eltern-liesen-39-jahrige-behinderte-tochter-verhungern-und-vernachlassigen\/\/\">Grausamkeit: Ungarische Eltern verhungern und vernachl\u00e4ssigen 39-j\u00e4hrige behinderte Tochter<\/a><\/li>\n<\/ul>\n\n\n\n<h2 class=\"wp-block-heading\">Wenn Sie Hilfe brauchen<\/h2>\n\n\n\n<p>F\u00fcr die Opfer und ihre Familien gibt es Unterst\u00fctzung. Die Hotline der NANE Association f\u00fcr Frauen und Kinder, die von Missbrauch betroffen sind, ist kostenlos unter +36-80-505-101 oder aus dem Ausland unter +36-1-267-4900 erreichbar. Der Nationale Kriseninterventions- und Informationsdienst ist 24 Stunden am Tag unter +36-80-20-55-20 erreichbar. Die Opferhilfe-Hotline ist ebenfalls landesweit rund um die Uhr unter der Nummer +36-80-225-225 zu erreichen.<\/p>\n","protected":false},"excerpt":{"rendered":"<p>Die Staatsanwaltschaft des Komitats Pest hat Anklage gegen einen Mann erhoben, der mit einer versteckten Kamera heimlich die Aktivit\u00e4ten im Badezimmer eines Hauses \u00fcberwacht und aufgezeichnet hat und dabei kinderpornografische Aufnahmen gemacht hat. Der Mann platzierte eine Kamera auf dem Dachboden Laut der Anklageschrift installierte der Mann im Januar 2025 in einem Dorf in der [&hellip;]<\/p>\n","protected":false},"author":62,"featured_media":778908,"comment_status":"open","ping_status":"open","sticky":false,"template":"","format":"standard","meta":{"_acf_changed":false,"_display_image":"yes","footnotes":""},"categories":[518],"tags":[4273,1326,1502,1236,1163,1076],"class_list":["post-778907","post","type-post","status-publish","format-standard","has-post-thumbnail","hentry","category-def","tag-ce","tag-gericht","tag-kinder","tag-polizei","tag-ungarische-polizei","tag-ungarn"],"blocksy_meta":[],"acf":[],"author_username":"hmercedesz","telegram_post":"","public_post_metadata":{"breaking_news":"yes","important":"no","csempe":"yes","center_tile":"no","disable_thumbnail":"no","target_lang":"","_featured_image_style":"default","telegram_post":"","_xlat_group_id":""},"public_rank_math_data":{"title":"%title% %sep% %sitename%","description":"","focus_keyword":"kind","canonical_url":"","robots":"","primary_category":"4282","breadcrumb_title":"","facebook_title":"","facebook_description":"","facebook_image":"","facebook_image_id":"","twitter_title":"","twitter_description":"","twitter_image":"","twitter_image_id":"","twitter_card_type":"","twitter_use_facebook":"","advanced_robots":"","pillar_content":"","seo_score":"79","contentai_score":"","rich_snippet":""},"_links":{"self":[{"href":"https:\/\/dailynewshungary.com\/de\/wp-json\/wp\/v2\/posts\/778907","targetHints":{"allow":["GET"]}}],"collection":[{"href":"https:\/\/dailynewshungary.com\/de\/wp-json\/wp\/v2\/posts"}],"about":[{"href":"https:\/\/dailynewshungary.com\/de\/wp-json\/wp\/v2\/types\/post"}],"author":[{"embeddable":true,"href":"https:\/\/dailynewshungary.com\/de\/wp-json\/wp\/v2\/users\/62"}],"replies":[{"embeddable":true,"href":"https:\/\/dailynewshungary.com\/de\/wp-json\/wp\/v2\/comments?post=778907"}],"version-history":[{"count":0,"href":"https:\/\/dailynewshungary.com\/de\/wp-json\/wp\/v2\/posts\/778907\/revisions"}],"wp:featuredmedia":[{"embeddable":true,"href":"https:\/\/dailynewshungary.com\/de\/wp-json\/wp\/v2\/media\/778908"}],"wp:attachment":[{"href":"https:\/\/dailynewshungary.com\/de\/wp-json\/wp\/v2\/media?parent=778907"}],"wp:term":[{"taxonomy":"category","embeddable":true,"href":"https:\/\/dailynewshungary.com\/de\/wp-json\/wp\/v2\/categories?post=778907"},{"taxonomy":"post_tag","embeddable":true,"href":"https:\/\/dailynewshungary.com\/de\/wp-json\/wp\/v2\/tags?post=778907"}],"curies":[{"name":"wp","href":"https:\/\/api.w.org\/{rel}","templated":true}]}}