{"id":780344,"date":"2025-11-13T16:44:00","date_gmt":"2025-11-13T15:44:00","guid":{"rendered":"https:\/\/dailynewshungary.com\/de\/beruhmtes-gemalde-aus-ungarn-geschmuggelt-wird-in-osterreich-gestoppt\/"},"modified":"2025-11-14T10:28:46","modified_gmt":"2025-11-14T09:28:46","slug":"gemalde-ungarn-schmuggel-osterreich-stoppt","status":"publish","type":"post","link":"https:\/\/dailynewshungary.com\/de\/gemalde-ungarn-schmuggel-osterreich-stoppt\/","title":{"rendered":"Ber\u00fchmtes Gem\u00e4lde aus Ungarn geschmuggelt, wird in \u00d6sterreich gestoppt"},"content":{"rendered":"<p><strong>Ein Gem\u00e4lde des \u00f6sterreichischen Meisters Gustav Klimt mit dem Titel Afrikanischer Prinz wurde in \u00d6sterreich auf Antrag der ungarischen Beh\u00f6rden beschlagnahmt.<\/strong><\/p>\n\n\n\n<h2 class=\"wp-block-heading\">Ber\u00fchmtes Gem\u00e4lde aus Ungarn geschmuggelt<\/h2>\n\n\n\n<p>Das Kunstwerk im Wert von rund 15 Millionen Euro (ca. 6 Milliarden Forint) wurde Berichten zufolge unter falschem Vorwand aus Ungarn herausgeschmuggelt, nachdem es f\u00e4lschlicherweise als unbedeutendes Werk eines &#8220;unbekannten K\u00fcnstlers&#8221; deklariert worden war.<\/p>\n\n\n\n<p>Wie die ORF-Nachrichtensendung ZiB2 berichtet, hat die Staatsanwaltschaft Wien die Beschlagnahme des Gem\u00e4ldes nach einem formellen Antrag aus Ungarn angeordnet. Das Gem\u00e4lde wurde angeblich mit einer durch T\u00e4uschung erschlichenen Ausfuhrgenehmigung von Ungarn nach \u00d6sterreich gebracht.<\/p>\n\n\n\n<p>Nachforschungen von <a href=\"https:\/\/hvg.hu\/kultura\/20251113_Lefoglaltak-Ausztriaban-Klimt-Magyarorszagrol-kivitt-6-milliard-forintot-ero-festmenyet-ebx\" target=\"_blank\" rel=\"noopener\">hvg<\/a> Anfang des Jahres ergaben, dass das Gem\u00e4lde, das von der Wiener Galerie Wienerroither &amp; Kohlbacher zum Verkauf angeboten wurde, nicht wie urspr\u00fcnglich behauptet in \u00d6sterreich aufgetaucht war.<\/p>\n\n\n\n<p>Stattdessen stammte es aus Ungarn, wo die Ausfuhrgenehmigung im Juli 2023 auf der Grundlage irref\u00fchrender Unterlagen erteilt wurde. Der Antragsteller gab an, dass das Kunstwerk nur 50.000 HUF wert sei und schrieb es einem unbekannten Maler zu.<\/p>\n\n\n\n<ul class=\"wp-block-list\">\n<li><a href=\"https:\/\/dailynewshungary.com\/indefinite-orban-one-year-sanctions\/\">L\u00fcge oder Verwirrung? Orb\u00e1n sagt &#8220;unbefristet&#8221;, Washington sagt &#8220;ein Jahr&#8221; &#8211; Aktuelles zum US-Sanktionsverzicht<\/a><\/li>\n<\/ul>\n\n\n\n<h2 class=\"wp-block-heading\">Ungarische Beh\u00f6rden r\u00e4umen Versehen ein<\/h2>\n\n\n\n<figure class=\"wp-block-image aligncenter size-full\"><img decoding=\"async\" src=\"https:\/\/dailynewshungary.b-cdn.net\/wp-content\/uploads\/2025\/11\/AfricanPrinceGustavKlimt.webp\" alt=\"Gustav Klimt African Prince painting smuggled out of hungary\" class=\"wp-image-677475\"\/><figcaption class=\"wp-element-caption\">Das Gem\u00e4lde mit dem Titel Portr\u00e4t des afrikanischen Prinzen William Nii Nortey Dowuona von Gustav Klimt. Foto von <a href=\"https:\/\/commons.wikimedia.org\/wiki\/File:Portrait_of_the_African_Prince_William_Nii_Nortey_Dowuona_(1896-1900),_by_Gustav_Klimt.jpg\" target=\"_blank\" rel=\"noopener\">Wikimedia Commons<\/a><\/figcaption><\/figure>\n\n<p>Das ungarische Ministerium f\u00fcr Bau und Verkehr, das die Aufsicht \u00fcber die Kunstschutzbeh\u00f6rde des Landes hat, hat die Ausfuhrgenehmigung in \u00dcbereinstimmung mit den Vorschriften erteilt.<\/p>\n\n\n\n<p>Es hat es jedoch vers\u00e4umt, das Gem\u00e4lde pers\u00f6nlich zu \u00fcberpr\u00fcfen &#8211; ein Schritt, der wahrscheinlich die wahre Identit\u00e4t des Gem\u00e4ldes als ein echter Klimt offenbart h\u00e4tte. Die Leinwand tr\u00e4gt den Nachlassstempel des K\u00fcnstlers, ein klares Indiz f\u00fcr die Echtheit.<\/p>\n\n\n\n<p>Nach Berichten der ungarischen Presse leitete das Ministerium eine interne Untersuchung ein, veranlasste rechtliche \u00c4nderungen und leitete ein Verfahren ein, um das Werk f\u00fcr gesch\u00fctzt zu erkl\u00e4ren. Minister J\u00e1nos L\u00e1z\u00e1r deutete auch m\u00f6gliche Bem\u00fchungen zur R\u00fcckf\u00fchrung des Gem\u00e4ldes an.<\/p>\n\n\n\n<ul class=\"wp-block-list\">\n<li><a href=\"https:\/\/dailynewshungary.com\/budapest-airport-buyback-45-years-pay-off\/\">Der R\u00fcckkauf des Budapester Flughafens k\u00f6nnte sich trotz der versprochenen hohen Dividenden erst in 45 Jahren auszahlen<\/a><\/li>\n<\/ul>\n\n\n\n<h2 class=\"wp-block-heading\">Was sagt die Galerie dazu?<\/h2>\n\n\n\n<p>In der ZiB2-Sendung hie\u00df es, dass die ungarischen Ermittler vermuten, dass der Verk\u00e4ufer Klimts Urheberschaft absichtlich verschwiegen hat. Dieser Verdacht wird durch eine ungarische Laboranalyse aus dem Jahr 2022 gest\u00fctzt, die die Echtheit des Gem\u00e4ldes bereits best\u00e4tigt hatte.<\/p>\n\n\n\n<p>Der Miteigent\u00fcmer der Galerie, Lui Wienerroither, erkl\u00e4rte daraufhin, dass die Ausfuhrgenehmigung &#8220;rechtm\u00e4\u00dfig&#8221; erteilt wurde, und betonte, dass das Gem\u00e4lde damals &#8220;nicht als best\u00e4tigter Klimt angesehen wurde&#8221;.<\/p>\n\n\n\n<p>Sein Gesch\u00e4ftspartner, Ebi Kohlbacher, f\u00fcgte hinzu, dass keine ungarischen Experten in der Lage waren, Klimts Urheberschaft zu verifizieren, weshalb das Gem\u00e4lde zur Untersuchung nach \u00d6sterreich gebracht wurde.<\/p>\n\n\n\n<p>Kunsthistoriker lehnen diese Erkl\u00e4rung jedoch ab, da der Afrikanische Prinz bereits Anfang des 20. Jahrhunderts identifiziert und in Schwarz-Wei\u00df-Reproduktionen ver\u00f6ffentlicht wurde.<\/p>\n\n\n\n<p>Es wurde mehrfach ausgestellt und seine Herkunft war gut dokumentiert. Experten vermuten, dass der Verk\u00e4ufer wahrscheinlich die Identit\u00e4t des Werks falsch dargestellt hat, um eine Ausfuhrgenehmigung zu erhalten und von einem h\u00f6heren Verkaufspreis in \u00d6sterreich zu profitieren.<\/p>\n\n\n\n<ul class=\"wp-block-list\">\n<li><a href=\"https:\/\/dailynewshungary.com\/military-equipment-stolen-hungarian-movie\/\">Ungarische Milit\u00e4rausr\u00fcstung bei Filmdreh gestohlen<\/a><\/li>\n<\/ul>\n\n\n\n<h2 class=\"wp-block-heading\">Was wird mit dem Kunstwerk geschehen?<\/h2>\n\n\n\n<p>Die Herkunft des Gem\u00e4ldes geht auf die sp\u00e4ten 1930er Jahre zur\u00fcck, als die Familie Klein &#8211; j\u00fcdische Kunstsammler, die vor der Verfolgung durch die Nazis flohen &#8211; es nach Ungarn brachte. Obwohl das Kunstwerk nach dem Krieg im Land blieb, verhinderten Besitzstreitigkeiten seine R\u00fcckgabe an die Familie.<\/p>\n\n\n\n<p>Aktuellen Berichten zufolge haben sich die Erben der Familie Klein und die ungarischen Eigent\u00fcmer geeinigt, aber der Verkauf ist noch nicht abgeschlossen, obwohl das Werk auf der diesj\u00e4hrigen TEFAF-Kunstmesse in Maastricht mit einem Preis von 15 Millionen Euro pr\u00e4sentiert wurde.<\/p>\n\n\n\n<p>Ungarn muss nun nachweisen, dass das Gem\u00e4lde unrechtm\u00e4\u00dfig exportiert wurde. Sollte dies best\u00e4tigt werden, muss das Kunstwerk nach Ungarn zur\u00fcckkehren, wo es als gesch\u00fctztes Kulturgut eingestuft wird, was eine weitere Ausfuhr rechtlich verhindert.<\/p>\n","protected":false},"excerpt":{"rendered":"<p>Ein Gem\u00e4lde des \u00f6sterreichischen Meisters Gustav Klimt mit dem Titel Afrikanischer Prinz wurde in \u00d6sterreich auf Antrag der ungarischen Beh\u00f6rden beschlagnahmt. Ber\u00fchmtes Gem\u00e4lde aus Ungarn geschmuggelt Das Kunstwerk im Wert von rund 15 Millionen Euro (ca. 6 Milliarden Forint) wurde Berichten zufolge unter falschem Vorwand aus Ungarn herausgeschmuggelt, nachdem es f\u00e4lschlicherweise als unbedeutendes Werk eines [&hellip;]<\/p>\n","protected":false},"author":91,"featured_media":780345,"comment_status":"open","ping_status":"open","sticky":false,"template":"","format":"standard","meta":{"_acf_changed":false,"_display_image":"yes","footnotes":""},"categories":[518],"tags":[4273,1129,1236,1102,1076],"class_list":["post-780344","post","type-post","status-publish","format-standard","has-post-thumbnail","hentry","category-def","tag-ce","tag-osterreich","tag-polizei","tag-ungarische-regierung","tag-ungarn"],"blocksy_meta":[],"acf":[],"author_username":"api","telegram_post":"","public_post_metadata":{"breaking_news":"yes","important":"no","csempe":"yes","center_tile":"no","disable_thumbnail":"no","target_lang":"","_featured_image_style":"hidden","telegram_post":"","_xlat_group_id":"9e2ea471-224d-487f-8010-229b8235d0eb"},"public_rank_math_data":{"title":"Ber\u00fchmtes Gem\u00e4lde aus Ungarn geschmuggelt - in \u00d6sterreich gestoppt","description":"Ein Gem\u00e4lde von Gustav Klimt mit dem Titel Afrikanischer Prinz wurde in \u00d6sterreich auf Antrag der ungarischen Beh\u00f6rden beschlagnahmt","focus_keyword":"Gem\u00e4lde","canonical_url":"","robots":"","primary_category":"4361","breadcrumb_title":"","facebook_title":"","facebook_description":"","facebook_image":"","facebook_image_id":"","twitter_title":"","twitter_description":"","twitter_image":"","twitter_image_id":"","twitter_card_type":"","twitter_use_facebook":"","advanced_robots":"","pillar_content":"","seo_score":"79","contentai_score":"","rich_snippet":""},"_links":{"self":[{"href":"https:\/\/dailynewshungary.com\/de\/wp-json\/wp\/v2\/posts\/780344","targetHints":{"allow":["GET"]}}],"collection":[{"href":"https:\/\/dailynewshungary.com\/de\/wp-json\/wp\/v2\/posts"}],"about":[{"href":"https:\/\/dailynewshungary.com\/de\/wp-json\/wp\/v2\/types\/post"}],"author":[{"embeddable":true,"href":"https:\/\/dailynewshungary.com\/de\/wp-json\/wp\/v2\/users\/91"}],"replies":[{"embeddable":true,"href":"https:\/\/dailynewshungary.com\/de\/wp-json\/wp\/v2\/comments?post=780344"}],"version-history":[{"count":1,"href":"https:\/\/dailynewshungary.com\/de\/wp-json\/wp\/v2\/posts\/780344\/revisions"}],"predecessor-version":[{"id":780366,"href":"https:\/\/dailynewshungary.com\/de\/wp-json\/wp\/v2\/posts\/780344\/revisions\/780366"}],"wp:featuredmedia":[{"embeddable":true,"href":"https:\/\/dailynewshungary.com\/de\/wp-json\/wp\/v2\/media\/780345"}],"wp:attachment":[{"href":"https:\/\/dailynewshungary.com\/de\/wp-json\/wp\/v2\/media?parent=780344"}],"wp:term":[{"taxonomy":"category","embeddable":true,"href":"https:\/\/dailynewshungary.com\/de\/wp-json\/wp\/v2\/categories?post=780344"},{"taxonomy":"post_tag","embeddable":true,"href":"https:\/\/dailynewshungary.com\/de\/wp-json\/wp\/v2\/tags?post=780344"}],"curies":[{"name":"wp","href":"https:\/\/api.w.org\/{rel}","templated":true}]}}