{"id":782415,"date":"2026-01-07T05:34:00","date_gmt":"2026-01-07T04:34:00","guid":{"rendered":"https:\/\/dailynewshungary.com\/de\/mercedes-bringt-ein-weiteres-modell-nach-ungarn\/"},"modified":"2026-01-07T05:34:00","modified_gmt":"2026-01-07T04:34:00","slug":"mercedes-bringt-ein-weiteres-modell-nach-ungarn","status":"publish","type":"post","link":"https:\/\/dailynewshungary.com\/de\/mercedes-bringt-ein-weiteres-modell-nach-ungarn\/","title":{"rendered":"Mercedes bringt ein weiteres Modell nach Ungarn"},"content":{"rendered":"<p><strong>Mercedes wird ab diesem Jahr auch in Ungarn mit der Produktion der A-Klasse beginnen, k\u00fcndigte Au\u00dfenhandelsminister P\u00e9ter Szijj\u00e1rt\u00f3 am Dienstag auf Facebook an.<\/strong><\/p>\n\n\n\n<h2 class=\"wp-block-heading\">Mercedes in Ungarn<\/h2>\n\n\n\n<p>Seit 2012 laufen in Ungarn im Mercedes-Werk in Kecskem\u00e9t Mercedes-Pkw vom Band und machen das Land zu einem wichtigen Akteur im globalen Produktionsnetzwerk der Marke. Das moderne Werk in Kecskem\u00e9t ist jedoch nur das j\u00fcngste Kapitel in einer ungarischen Mercedes-Geschichte, die sich \u00fcber mehr als ein Jahrhundert erstreckt.<\/p>\n\n\n\n<p>Die industrielle Pr\u00e4senz der Vorg\u00e4nger des Unternehmens in Ungarn reicht bis ins fr\u00fche 20. Jahrhundert zur\u00fcck, als die Vertretung und Lizenzproduktion der Marke Benz begann. Zwischen den beiden Weltkriegen und in den Jahrzehnten danach wurden in Ungarn unter Benz\/Mercedes-Lizenzen Lastwagen und Busse hergestellt, haupts\u00e4chlich f\u00fcr inl\u00e4ndische Transportunternehmen.<\/p>\n\n\n\n<figure class=\"wp-block-image aligncenter size-full\"><img decoding=\"async\" src=\"https:\/\/dailynewshungary.b-cdn.net\/wp-content\/uploads\/2026\/01\/Mercedes-to-bring-production-of-another-model-to-Hungary.webp\" alt=\"Mercedes to bring production of another model to Hungary\" class=\"wp-image-686796\"\/><figcaption class=\"wp-element-caption\">Das Modell der Klasse A. Foto: Creative Commons<\/figcaption><\/figure>\n\n<p>Nach der politischen Wende Anfang der 1990er Jahre verst\u00e4rkte das in Deutschland ans\u00e4ssige Unternehmen allm\u00e4hlich seine Pr\u00e4senz auf dem ungarischen Markt &#8211; zun\u00e4chst als H\u00e4ndler, sp\u00e4ter als potenzieller Investor. Der entscheidende Wendepunkt kam 2008, als das Unternehmen ank\u00fcndigte, sein erstes Pkw-Werk in Mittel- und Osteuropa in Kecskem\u00e9t, Ungarn, zu bauen. Der Grundstein wurde 2009 gelegt, und die Investition schuf Tausende von Arbeitspl\u00e4tzen und brachte der Region eine bedeutende Entwicklung der Infrastruktur. Die moderne, flexible Produktionsanlage wurde speziell f\u00fcr kompakte Premium-Modelle konzipiert, zun\u00e4chst f\u00fcr die B-Klasse und sp\u00e4ter f\u00fcr die CLA-Familie.<\/p>\n\n\n\n<p>Am 29. M\u00e4rz 2012 lief die erste in Serie produzierte Mercedes B-Klasse in Kecskem\u00e9t vom Band und markierte damit offiziell den Beginn der Mercedes-Pkw-Produktion in Ungarn. <a href=\"https:\/\/gyar.mercedes-benz.hu\/media\/elkeszult-az-elso-magyarorszagon-gyartott-mercedes-benz-osztaly)Within\" target=\"_blank\" rel=\"noreferrer noopener\">Innerhalb<\/a> weniger Jahre wurde die Produktion auf den CLA und den CLA Shooting Brake ausgeweitet, wodurch das Werk zu einer wichtigen S\u00e4ule der globalen Kompaktwagenstrategie des Unternehmens wurde. Heute ist das Werk in Kecskem\u00e9t ein zentrales Element des weltweiten Produktionsnetzwerks der Marke und beliefert sowohl europ\u00e4ische als auch \u00fcberseeische M\u00e4rkte. Kontinuierliche Kapazit\u00e4tserweiterungen und technologische Upgrades sollen sicherstellen, dass das Werk auch in Zukunft eine Schl\u00fcsselrolle bei der Produktion von Kompakt- und Elektroautos spielt.<\/p>\n\n\n\n<figure class=\"wp-block-image aligncenter size-large\"><img decoding=\"async\" src=\"https:\/\/dailynewshungary.b-cdn.net\/wp-content\/uploads\/2026\/01\/Mercedes-1-1280x853.webp\" alt=\"Mercedes \" class=\"wp-image-686797\"\/><figcaption class=\"wp-element-caption\">Foto: FB\/FM Szijj\u00e1rt\u00f3<\/figcaption><\/figure>\n\n<h2 class=\"wp-block-heading\">Weitere Expansion, ein weiteres Modell<\/h2>\n\n\n\n<p>In seiner Erkl\u00e4rung schrieb Szijj\u00e1rt\u00f3, dass mit Blick auf Kecskem\u00e9t klar ist, dass Mercedes in etwas mehr als einem Jahrzehnt sein gr\u00f6\u00dftes europ\u00e4isches Werk in Ungarn aufgebaut hat, das weltweit nur von den in China errichteten Kapazit\u00e4ten \u00fcbertroffen wird. Mehr als 5.000 Menschen arbeiten heute direkt in dem Werk, das 2024 zum attraktivsten Arbeitsplatz Ungarns gek\u00fcrt und wiederholt zum besten Werk der Mercedes-Gruppe weltweit gew\u00e4hlt wurde.<\/p>\n\n\n\n<p>Im Oktober 2024 lief das zweimillionste Fahrzeug in Kecskem\u00e9t vom Band. Heute fertigt das Werk hochmoderne Fahrzeuge mit Verbrennungsmotor, Plug-in-Hybride und vollelektrische Modelle. Gleichzeitig ist Mercedes dabei, sein erstes Forschungs- und Entwicklungszentrum in Ungarn zu errichten.<\/p>\n\n\n\n<p>&#8220;Heute haben wir eine weitere gute Nachricht: Mercedes hat beschlossen, die Produktion der A-Klasse ab diesem Jahr auch nach Ungarn zu bringen&#8221;, schrieb Szijj\u00e1rt\u00f3. Er betonte, dass dies bedeutet, dass Mercedes nun drei Modelle in Ungarn herstellen wird, darunter den neuen vollelektrischen Hightech-GLB, die neue C-Klasse und erneut die A-Klasse, die nun von den ungarischen Produktionsb\u00e4ndern laufen wird.<\/p>\n\n\n\n<p><strong>Lesen Sie auch:<\/strong><\/p>\n\n\n\n<ul class=\"wp-block-list\">\n<li>Chinesisches Unternehmen <a href=\"https:\/\/dailynewshungary.com\/de\/chinesisch-byd-kauft-riesiges-burogebaude-fur-neue-europaische-hauptverwaltung-in-budapests-zentralem-bezirk\/\">BYD kauft riesiges B\u00fcrogeb\u00e4ude f\u00fcr neue Europazentrale im Zentrum von Budapest<\/a><\/li>\n\n\n\n<li><a href=\"https:\/\/dailynewshungary.com\/de\/mega-mercedes-fabrik-in-ungarn-startet-nachstes-jahr-mit-spitzenmodellen\/\/\">Mega-Mercedes-Werk in Ungarn startet n\u00e4chstes Jahr<\/a> mit modernsten Modellen<\/li>\n<\/ul>\n\n\n\n<p><\/p>\n","protected":false},"excerpt":{"rendered":"<p>Mercedes wird ab diesem Jahr auch in Ungarn mit der Produktion der A-Klasse beginnen, k\u00fcndigte Au\u00dfenhandelsminister P\u00e9ter Szijj\u00e1rt\u00f3 am Dienstag auf Facebook an. Mercedes in Ungarn Seit 2012 laufen in Ungarn im Mercedes-Werk in Kecskem\u00e9t Mercedes-Pkw vom Band und machen das Land zu einem wichtigen Akteur im globalen Produktionsnetzwerk der Marke. Das moderne Werk in [&hellip;]<\/p>\n","protected":false},"author":33,"featured_media":782416,"comment_status":"open","ping_status":"open","sticky":false,"template":"","format":"standard","meta":{"_acf_changed":false,"_display_image":"yes","footnotes":""},"categories":[4453],"tags":[1177,1343,1076],"class_list":["post-782415","post","type-post","status-publish","format-standard","has-post-thumbnail","hentry","category-wirtschaft","tag-deutschland","tag-investitionen","tag-ungarn"],"blocksy_meta":[],"acf":[],"author_username":"ugyelet","telegram_post":"","public_post_metadata":{"breaking_news":"yes","important":"no","csempe":"yes","center_tile":"no","disable_thumbnail":"no","target_lang":"","_featured_image_style":"hidden","telegram_post":"","_xlat_group_id":"8c14562b-5883-4379-b449-83b4504730a2"},"public_rank_math_data":{"title":"%title% %sep% %sitename%","description":"Mercedes wird ab diesem Jahr auch die A-Klasse in Ungarn produzieren, k\u00fcndigte FM P\u00e9ter Szijj\u00e1rt\u00f3 an.","focus_keyword":"Mercedes","canonical_url":"","robots":"","primary_category":"4453","breadcrumb_title":"","facebook_title":"","facebook_description":"","facebook_image":"","facebook_image_id":"","twitter_title":"","twitter_description":"","twitter_image":"","twitter_image_id":"","twitter_card_type":"","twitter_use_facebook":"","advanced_robots":"","pillar_content":"","seo_score":"81","contentai_score":"","rich_snippet":""},"_links":{"self":[{"href":"https:\/\/dailynewshungary.com\/de\/wp-json\/wp\/v2\/posts\/782415","targetHints":{"allow":["GET"]}}],"collection":[{"href":"https:\/\/dailynewshungary.com\/de\/wp-json\/wp\/v2\/posts"}],"about":[{"href":"https:\/\/dailynewshungary.com\/de\/wp-json\/wp\/v2\/types\/post"}],"author":[{"embeddable":true,"href":"https:\/\/dailynewshungary.com\/de\/wp-json\/wp\/v2\/users\/33"}],"replies":[{"embeddable":true,"href":"https:\/\/dailynewshungary.com\/de\/wp-json\/wp\/v2\/comments?post=782415"}],"version-history":[{"count":0,"href":"https:\/\/dailynewshungary.com\/de\/wp-json\/wp\/v2\/posts\/782415\/revisions"}],"wp:featuredmedia":[{"embeddable":true,"href":"https:\/\/dailynewshungary.com\/de\/wp-json\/wp\/v2\/media\/782416"}],"wp:attachment":[{"href":"https:\/\/dailynewshungary.com\/de\/wp-json\/wp\/v2\/media?parent=782415"}],"wp:term":[{"taxonomy":"category","embeddable":true,"href":"https:\/\/dailynewshungary.com\/de\/wp-json\/wp\/v2\/categories?post=782415"},{"taxonomy":"post_tag","embeddable":true,"href":"https:\/\/dailynewshungary.com\/de\/wp-json\/wp\/v2\/tags?post=782415"}],"curies":[{"name":"wp","href":"https:\/\/api.w.org\/{rel}","templated":true}]}}